{"id":41173,"date":"2012-11-14T16:33:34","date_gmt":"2012-11-14T19:33:34","guid":{"rendered":"http:\/\/senoticias.com.br\/se\/?p=41173"},"modified":"2012-11-16T11:00:52","modified_gmt":"2012-11-16T14:00:52","slug":"gualberto-entrega-a-lideranca-do-governo-na-assembleia","status":"publish","type":"post","link":"https:\/\/senoticias.com.br\/se\/gualberto-entrega-a-lideranca-do-governo-na-assembleia\/","title":{"rendered":"Deputado Francisco Gualberto entrega a lideran\u00e7a do governo na Assembleia"},"content":{"rendered":"<div id=\"attachment_31797\" style=\"width: 205px\" class=\"wp-caption alignleft\"><a href=\"http:\/\/senoticias.com.br\/se\/wp-content\/uploads\/2012\/05\/Gualberto.jpg\"><img loading=\"lazy\" decoding=\"async\" aria-describedby=\"caption-attachment-31797\" class=\"size-medium wp-image-31797\" title=\"Gualberto\" src=\"http:\/\/senoticias.com.br\/se\/wp-content\/uploads\/2012\/05\/Gualberto-195x300.jpg\" alt=\"\" width=\"195\" height=\"300\" srcset=\"https:\/\/senoticias.com.br\/se\/wp-content\/uploads\/2012\/05\/Gualberto-195x300.jpg 195w, https:\/\/senoticias.com.br\/se\/wp-content\/uploads\/2012\/05\/Gualberto-342x524.jpg 342w, https:\/\/senoticias.com.br\/se\/wp-content\/uploads\/2012\/05\/Gualberto-300x460.jpg 300w, https:\/\/senoticias.com.br\/se\/wp-content\/uploads\/2012\/05\/Gualberto.jpg 400w\" sizes=\"(max-width: 195px) 100vw, 195px\" \/><\/a><p id=\"caption-attachment-31797\" class=\"wp-caption-text\">Francisco Gualberto (PT). (Foto: Ag\u00eancia Alese)<\/p><\/div>\n<p style=\"text-align: justify;\">O deputado estadual Francisco Gualberto (PT) n\u00e3o \u00e9 mais o l\u00edder do governo na Assembleia Legislativa. A decis\u00e3o, tomada por ele, foi anunciada em plen\u00e1rio na sess\u00e3o desta quarta-feira, 14, ap\u00f3s quase seis anos no posto. A partir de agora o deputado Gustinho Ribeiro (PSD) ir\u00e1 liderar a bancada governista.<\/p>\n<p style=\"text-align: justify;\">\u201cDurante esse tempo ocupei a tribuna, usei microfones de emissoras, dei entrevistas, participei de uma s\u00e9rie de atividades na condi\u00e7\u00e3o de l\u00edder do governo. Mas, por raz\u00f5es unicamente pessoais e particulares, neste momento anuncio que deixo a tarefa que desempenhava nesta Casa\u201d, confirmou Gualberto.<\/p>\n<p style=\"text-align: justify;\">\u201cDeixo a lideran\u00e7a, mas continuo defendendo o mesmo projeto de governo, continuo na mesma bancada. A diferen\u00e7a \u00e9 que estarei sem a enorme responsabilidade de liderar. E quero enfatizar que n\u00e3o deixo o cargo por qualquer quest\u00e3o de ordem pol\u00edtica. Deixo por quest\u00f5es particulares, inclusive pedindo licen\u00e7a para n\u00e3o entrar em detalhes\u201d, frisou o deputado petista.<\/p>\n<p style=\"text-align: justify;\">No seu discurso, que durou cerca de uma hora, Gualberto disse que de agora em diante sua atua\u00e7\u00e3o parlamentar entrar\u00e1 numa outra fase. \u201cExercerei o meu mandato mostrando que tenho lado, que n\u00e3o vou me acovardar aqui nesta Casa. N\u00e3o vou permitir que confundam maioria e minoria de bancada com a inten\u00e7\u00e3o de nos humilhar\u201d, afirmou Gualberto.<\/p>\n<p style=\"text-align: justify;\">De acordo com o ex-l\u00edder de bancada, agora ele estar\u00e1 mais livre para fazer os debates e embates pol\u00edticos com mais dureza e precis\u00e3o. \u201cAqui est\u00e1 um deputado livre para fazer os debates que desejar. Vou fazer pol\u00edtica dentro do meu estilo pr\u00f3prio. E meu estilo ningu\u00e9m vai aniquilar. S\u00f3 a morte das c\u00e9lulas e o enterro\u201d, disse.<\/p>\n<p style=\"text-align: justify;\">Francisco Gualberto fez ainda um balan\u00e7o positivo de sua atua\u00e7\u00e3o como l\u00edder citando as v\u00e1rias conquistas de servidores p\u00fablicos durante o governo de Marcelo D\u00e9da, entre elas os reajustes salariais dos policiais civis e militares e dos defensores p\u00fablicos. Citou tamb\u00e9m as conquistas dos servidores do Fisco e dos professores no in\u00edcio do governo. \u201cTive participa\u00e7\u00e3o efetiva em todas essas vit\u00f3rias. Portanto, guardo isso como um trof\u00e9u\u201d, analisou.<\/p>\n<p style=\"text-align: justify;\">V\u00e1rias obras executadas em diversas localidades do interior tamb\u00e9m foram citadas por Gualberto. Constru\u00e7\u00e3o de casas populares, cal\u00e7amento de vias, reformas de escolas, implanta\u00e7\u00e3o de cl\u00ednicas da sa\u00fade, tudo isso teve a colabora\u00e7\u00e3o de Gualberto enquanto l\u00edder do governo D\u00e9da. \u201cLamento apenas pelo o que deixamos de fazer ainda pelos servidores p\u00fablicos que n\u00e3o foram contemplados com um plano de carreira e sal\u00e1rios. Mas vamos continuar tentando\u201d.<\/p>\n<p style=\"text-align: justify;\">Muito bem humorado, Gualberto fez quest\u00e3o de agradecer de agradecer aos colegas de parlamento, citando um a um entre aliados e opositores. Ap\u00f3s isso, foi agraciado com palavras de carinho por todos os deputados que estavam no plen\u00e1rio e pediram aparte no seu discurso. \u201cEu tenho certeza que o governo perde com a sua sa\u00edda da lideran\u00e7a\u201d, enfatizou o vice-l\u00edder da oposi\u00e7\u00e3o, Augusto Bezerra (DEM).<\/p>\n<p style=\"text-align: justify;\">O deputado Gualberto tamb\u00e9m agradeceu ao trabalho da imprensa de Sergipe que sempre lhe garantiu espa\u00e7o para divulgar suas opini\u00f5es. Fez ainda um agradecimento especial ao governador Marcelo D\u00e9da por lhe ter confiado a lideran\u00e7a do governo durante esses quase seis anos.<\/p>\n<p style=\"text-align: justify;\">\u201cHoje tenho um trof\u00e9u especial, que n\u00e3o \u00e9 materializado, mas \u00e9 subjetivo. Ficar\u00e1 guardado na minha mente e no cora\u00e7\u00e3o. \u00c9 o trof\u00e9u por ter sido l\u00edder do governo de Marcelo D\u00e9da, o homem mais \u00e9tico e mais correto que conheci na pol\u00edtica\u201d, afirmou Francisco Gualberto.<\/p>\n<p style=\"text-align: justify;\"><em><strong>Da Assessoria Parlamentar<\/strong><\/em><\/p>\n","protected":false},"excerpt":{"rendered":"<p>O deputado estadual Francisco Gualberto (PT) n\u00e3o \u00e9 mais o l\u00edder do governo na Assembleia Legislativa. A decis\u00e3o, tomada por ele, foi anunciada em plen\u00e1rio na sess\u00e3o desta quarta-feira, 14, ap\u00f3s quase seis anos no posto. A partir de agora o deputado Gustinho Ribeiro (PSD) ir\u00e1 liderar a bancada governista. \u201cDurante esse tempo ocupei a [&hellip;]<\/p>\n","protected":false},"author":1,"featured_media":31797,"comment_status":"closed","ping_status":"closed","sticky":false,"template":"","format":"standard","meta":{"footnotes":""},"categories":[6],"tags":[],"class_list":{"0":"post-41173","1":"post","2":"type-post","3":"status-publish","4":"format-standard","5":"has-post-thumbnail","7":"category-politica"},"_links":{"self":[{"href":"https:\/\/senoticias.com.br\/se\/wp-json\/wp\/v2\/posts\/41173"}],"collection":[{"href":"https:\/\/senoticias.com.br\/se\/wp-json\/wp\/v2\/posts"}],"about":[{"href":"https:\/\/senoticias.com.br\/se\/wp-json\/wp\/v2\/types\/post"}],"author":[{"embeddable":true,"href":"https:\/\/senoticias.com.br\/se\/wp-json\/wp\/v2\/users\/1"}],"replies":[{"embeddable":true,"href":"https:\/\/senoticias.com.br\/se\/wp-json\/wp\/v2\/comments?post=41173"}],"version-history":[{"count":0,"href":"https:\/\/senoticias.com.br\/se\/wp-json\/wp\/v2\/posts\/41173\/revisions"}],"wp:featuredmedia":[{"embeddable":true,"href":"https:\/\/senoticias.com.br\/se\/wp-json\/wp\/v2\/media\/31797"}],"wp:attachment":[{"href":"https:\/\/senoticias.com.br\/se\/wp-json\/wp\/v2\/media?parent=41173"}],"wp:term":[{"taxonomy":"category","embeddable":true,"href":"https:\/\/senoticias.com.br\/se\/wp-json\/wp\/v2\/categories?post=41173"},{"taxonomy":"post_tag","embeddable":true,"href":"https:\/\/senoticias.com.br\/se\/wp-json\/wp\/v2\/tags?post=41173"}],"curies":[{"name":"wp","href":"https:\/\/api.w.org\/{rel}","templated":true}]}}