{"id":41170,"date":"2012-11-14T14:17:40","date_gmt":"2012-11-14T17:17:40","guid":{"rendered":"http:\/\/senoticias.com.br\/se\/?p=41170"},"modified":"2012-11-14T14:21:54","modified_gmt":"2012-11-14T17:21:54","slug":"desembargadora-anula-eleicao-de-susana-azevedo-para-o-tce","status":"publish","type":"post","link":"https:\/\/senoticias.com.br\/se\/desembargadora-anula-eleicao-de-susana-azevedo-para-o-tce\/","title":{"rendered":"Desembargadora anula elei\u00e7\u00e3o de Susana Azevedo para o TCE"},"content":{"rendered":"<h5 style=\"text-align: justify;\"><em><strong><a href=\" http:\/\/www.faxaju.com.br\/viz_conteudo.asp?id=152723\" target=\"_blank\">Reda\u00e7\u00e3o Fax Aju<\/a><\/strong><\/em><\/h5>\n<div id=\"attachment_40571\" style=\"width: 285px\" class=\"wp-caption alignleft\"><a href=\"http:\/\/senoticias.com.br\/se\/wp-content\/uploads\/2012\/10\/Susana-Azevedo.jpg\"><img loading=\"lazy\" decoding=\"async\" aria-describedby=\"caption-attachment-40571\" class=\"size-full wp-image-40571\" title=\"Susana Azevedo\" src=\"http:\/\/senoticias.com.br\/se\/wp-content\/uploads\/2012\/10\/Susana-Azevedo.jpg\" alt=\"Susana pode recorrer ao Pleno do Tribunal de Justi\u00e7a . (Foto: Reprodu\u00e7\u00e3o)\" width=\"275\" height=\"183\" \/><\/a><p id=\"caption-attachment-40571\" class=\"wp-caption-text\">Susana pode recorrer ao Pleno do Tribunal de Justi\u00e7a . (Foto: Reprodu\u00e7\u00e3o)<\/p><\/div>\n<p style=\"text-align: justify;\">Em decis\u00e3o monocr\u00e1tica, a desembargadora Suzana Carvalho anulou a elei\u00e7\u00e3o promovida pela Assembl\u00e9ia Legislativa, que elegeu a deputada estadual Susana Azevedo para o Tribunal de Contas.<\/p>\n<p style=\"text-align: justify;\">No final da manha desta quarta-feira (14), a desembargadora Suzana Carvalho acatou o pedido de seguran\u00e7a impetrado pelo secret\u00e1rio de educa\u00e7\u00e3o Belivaldo Chagas, e atrav\u00e9s de liminar suspendeu a elei\u00e7\u00e3o que escolheu a deputada Susana Azevedo como conselheira do Tribunal de Contas do Estado de Sergipe (TCE).<\/p>\n<p style=\"text-align: justify;\">Desta forma, a nomea\u00e7\u00e3o de Susana Azevedo fica suspensa at\u00e9 que a Assembl\u00e9ia Legislativa cumpra os ritos para escolha do novo membro do TCE.<\/p>\n<p style=\"text-align: justify;\"><strong>A decis\u00e3o &#8211;<\/strong> Em sua decis\u00e3o, a desembargadora Suzana Maria Carvalho Oliveira faz uma an\u00e1lise ampla de todas as falhas jur\u00eddicas que decorreram durante o pleito para preenchimento da vaga de conselheira do Tribunal de Contas do Estado, em que disputavam a deputada Susana Azevedo e o secret\u00e1rio da Educa\u00e7\u00e3o, Belivaldo Chagas (PSB).<\/p>\n<p style=\"text-align: justify;\">A desembargadora diz que \u201cnum exame inicial e n\u00e3o exaustivo dos autos, vislumbro a presen\u00e7a dos pressupostos indispens\u00e1veis \u00e0 esp\u00e9cie, e defiro a medida liminar com o fim de suspender os efeitos da sess\u00e3o extraordin\u00e1ria que escolheu a deputada Susana Maria Fontes Azevedo Freitas, registrada nas atas 39\u00aa, 40\u00aa e 41\u00aa, no tocante, especificamente, ao Projeto de Decreto Legislativo n\u00ba 02\/2012\u201d.<\/p>\n<p style=\"text-align: justify;\">A desembargadora Suzana Carvalho determinou \u201c\u00e0 autoridade coatora a absten\u00e7\u00e3o de qualquer ato tendente \u00e0 indica\u00e7\u00e3o do nome da mencionada deputada como fruto de escolha da Assembl\u00e9ia Legislativa do Estado de Sergipe para a investidura no cargo de Conselheira do Tribunal de Contas, at\u00e9 julgamento de m\u00e9rito\u201d.<\/p>\n<p style=\"text-align: justify;\">A decis\u00e3o, por ser monocr\u00e1tica, cabe recurso em forma de agravo regimental, para que o pleno se re\u00fana e decida se vai manter ou n\u00e3o a liminar concedida pela desembargadora. S\u00f3 na pr\u00f3xima semana \u00e9 que a Assembl\u00e9ia Legislativa pode entrar com agravo, cuja defesa \u00e9 feita pela Procuradoria Geral do Estado. A deputada Susana Azevedo tamb\u00e9m pode nomear advogado para derrubar a decis\u00e3o<\/p>\n","protected":false},"excerpt":{"rendered":"<p>Reda\u00e7\u00e3o Fax Aju Em decis\u00e3o monocr\u00e1tica, a desembargadora Suzana Carvalho anulou a elei\u00e7\u00e3o promovida pela Assembl\u00e9ia Legislativa, que elegeu a deputada estadual Susana Azevedo para o Tribunal de Contas. No final da manha desta quarta-feira (14), a desembargadora Suzana Carvalho acatou o pedido de seguran\u00e7a impetrado pelo secret\u00e1rio de educa\u00e7\u00e3o Belivaldo Chagas, e atrav\u00e9s de [&hellip;]<\/p>\n","protected":false},"author":1,"featured_media":40571,"comment_status":"closed","ping_status":"closed","sticky":false,"template":"","format":"standard","meta":{"footnotes":""},"categories":[6],"tags":[],"class_list":{"0":"post-41170","1":"post","2":"type-post","3":"status-publish","4":"format-standard","5":"has-post-thumbnail","7":"category-politica"},"_links":{"self":[{"href":"https:\/\/senoticias.com.br\/se\/wp-json\/wp\/v2\/posts\/41170"}],"collection":[{"href":"https:\/\/senoticias.com.br\/se\/wp-json\/wp\/v2\/posts"}],"about":[{"href":"https:\/\/senoticias.com.br\/se\/wp-json\/wp\/v2\/types\/post"}],"author":[{"embeddable":true,"href":"https:\/\/senoticias.com.br\/se\/wp-json\/wp\/v2\/users\/1"}],"replies":[{"embeddable":true,"href":"https:\/\/senoticias.com.br\/se\/wp-json\/wp\/v2\/comments?post=41170"}],"version-history":[{"count":0,"href":"https:\/\/senoticias.com.br\/se\/wp-json\/wp\/v2\/posts\/41170\/revisions"}],"wp:featuredmedia":[{"embeddable":true,"href":"https:\/\/senoticias.com.br\/se\/wp-json\/wp\/v2\/media\/40571"}],"wp:attachment":[{"href":"https:\/\/senoticias.com.br\/se\/wp-json\/wp\/v2\/media?parent=41170"}],"wp:term":[{"taxonomy":"category","embeddable":true,"href":"https:\/\/senoticias.com.br\/se\/wp-json\/wp\/v2\/categories?post=41170"},{"taxonomy":"post_tag","embeddable":true,"href":"https:\/\/senoticias.com.br\/se\/wp-json\/wp\/v2\/tags?post=41170"}],"curies":[{"name":"wp","href":"https:\/\/api.w.org\/{rel}","templated":true}]}}