{"id":40976,"date":"2012-11-09T14:52:45","date_gmt":"2012-11-09T17:52:45","guid":{"rendered":"http:\/\/senoticias.com.br\/se\/?p=40976"},"modified":"2012-11-10T11:09:36","modified_gmt":"2012-11-10T14:09:36","slug":"governo-fara-mutirao-de-testes-de-hiv-hepatite-e-sifilis-no-pais","status":"publish","type":"post","link":"https:\/\/senoticias.com.br\/se\/governo-fara-mutirao-de-testes-de-hiv-hepatite-e-sifilis-no-pais\/","title":{"rendered":"Governo far\u00e1 mutir\u00e3o de testes de HIV, hepatite e s\u00edfilis no pa\u00eds"},"content":{"rendered":"<div id=\"attachment_40977\" style=\"width: 278px\" class=\"wp-caption alignleft\"><a href=\"http:\/\/senoticias.com.br\/se\/wp-content\/uploads\/2012\/11\/S\u00edfilis.jpg\"><img loading=\"lazy\" decoding=\"async\" aria-describedby=\"caption-attachment-40977\" class=\"size-medium wp-image-40977\" title=\"S\u00edfilis\" src=\"http:\/\/senoticias.com.br\/se\/wp-content\/uploads\/2012\/11\/S\u00edfilis-268x300.jpg\" alt=\"\" width=\"268\" height=\"300\" srcset=\"https:\/\/senoticias.com.br\/se\/wp-content\/uploads\/2012\/11\/S\u00edfilis-268x300.jpg 268w, https:\/\/senoticias.com.br\/se\/wp-content\/uploads\/2012\/11\/S\u00edfilis.jpg 300w\" sizes=\"(max-width: 268px) 100vw, 268px\" \/><\/a><p id=\"caption-attachment-40977\" class=\"wp-caption-text\">Governo quer atingir 500 mil pessoas em dez dias de campanha (Foto: Minist\u00e9rio da Sa\u00fade\/Divulga\u00e7\u00e3o)<\/p><\/div>\n<p style=\"text-align: justify;\">O Minist\u00e9rio da Sa\u00fade planeja testar 500 mil pessoas em todo o pa\u00eds, durante dez dias, para saber se elas s\u00e3o portadoras do v\u00edrus HIV, de hepatites ou s\u00edfilis.<\/p>\n<p style=\"text-align: justify;\">Segundo a pasta, \u00e9 o teste mais abrangente dessas doen\u00e7as realizado no pa\u00eds e antecede as iniciativas que marcam o Dia Mundial de Luta contra a Aids, em 1\u00ba de dezembro.<\/p>\n<p style=\"text-align: justify;\">Entre 22 de novembro e 1\u00ba de dezembro, a rede p\u00fablica vai oferecer exames r\u00e1pidos nos postos de sa\u00fade e em unidades m\u00f3veis.<\/p>\n<p>Cada estado vai definir seu plano de a\u00e7\u00e3o e encaminh\u00e1-lo ao governo at\u00e9 o dia 20.<\/p>\n<p>O teste \u00e9 feito com uma \u00fanica gota de sangue, e o resultado sai em meia hora, de forma sigilosa. Se der positivo, a pessoa recebe aconselhamento m\u00e9dico.<\/p>\n<p style=\"text-align: justify;\">O minist\u00e9rio estima que pelo menos 250 mil brasileiros vivam atualmente com o HIV sem saber. Com o diagn\u00f3stico em m\u00e3os, o indiv\u00edduo pode procurar acompanhamento cl\u00ednico e acesso a medicamentos antirretrovirais, que ajudam a aumentar a qualidade e a expectativa de vida do paciente.<\/p>\n<p style=\"text-align: justify;\">O Minist\u00e9rio da Sa\u00fade planeja testar 500 mil pessoas em todo o pa\u00eds, durante dez dias, para saber se elas s\u00e3o portadoras do v\u00edrus HIV, de hepatites ou s\u00edfilis.<\/p>\n<p style=\"text-align: justify;\">Segundo a pasta, \u00e9 o teste mais abrangente dessas doen\u00e7as realizado no pa\u00eds e antecede as iniciativas que marcam o Dia Mundial de Luta contra a Aids, em 1\u00ba de dezembro.<\/p>\n<p style=\"text-align: justify;\">Entre 22 de novembro e 1\u00ba de dezembro, a rede p\u00fablica vai oferecer exames r\u00e1pidos nos postos de sa\u00fade e em unidades m\u00f3veis.<br \/>\nCada estado vai definir seu plano de a\u00e7\u00e3o e encaminh\u00e1-lo ao governo at\u00e9 o dia 20.<\/p>\n<p style=\"text-align: justify;\">O teste \u00e9 feito com uma \u00fanica gota de sangue, e o resultado sai em meia hora, de forma sigilosa. Se der positivo, a pessoa recebe aconselhamento m\u00e9dico.<\/p>\n<p style=\"text-align: justify;\">O minist\u00e9rio estima que pelo menos 250 mil brasileiros vivam atualmente com o HIV sem saber. Com o diagn\u00f3stico em m\u00e3os, o indiv\u00edduo pode procurar acompanhamento cl\u00ednico e acesso a medicamentos antirretrovirais, que ajudam a aumentar a qualidade e a expectativa de vida do paciente.<\/p>\n<p style=\"text-align: justify;\"><span style=\"color: #333333;\"><em><strong>Do G1, em S\u00e3o Paulo<\/strong><\/em><\/span><\/p>\n","protected":false},"excerpt":{"rendered":"<p>O Minist\u00e9rio da Sa\u00fade planeja testar 500 mil pessoas em todo o pa\u00eds, durante dez dias, para saber se elas s\u00e3o portadoras do v\u00edrus HIV, de hepatites ou s\u00edfilis. Segundo a pasta, \u00e9 o teste mais abrangente dessas doen\u00e7as realizado no pa\u00eds e antecede as iniciativas que marcam o Dia Mundial de Luta contra a [&hellip;]<\/p>\n","protected":false},"author":1,"featured_media":40977,"comment_status":"closed","ping_status":"closed","sticky":false,"template":"","format":"standard","meta":{"footnotes":""},"categories":[38,6],"tags":[267,270,269,268],"class_list":{"0":"post-40976","1":"post","2":"type-post","3":"status-publish","4":"format-standard","5":"has-post-thumbnail","7":"category-municipios","8":"category-politica","9":"tag-aids","10":"tag-hepatite","11":"tag-hiv","12":"tag-sifilis"},"_links":{"self":[{"href":"https:\/\/senoticias.com.br\/se\/wp-json\/wp\/v2\/posts\/40976"}],"collection":[{"href":"https:\/\/senoticias.com.br\/se\/wp-json\/wp\/v2\/posts"}],"about":[{"href":"https:\/\/senoticias.com.br\/se\/wp-json\/wp\/v2\/types\/post"}],"author":[{"embeddable":true,"href":"https:\/\/senoticias.com.br\/se\/wp-json\/wp\/v2\/users\/1"}],"replies":[{"embeddable":true,"href":"https:\/\/senoticias.com.br\/se\/wp-json\/wp\/v2\/comments?post=40976"}],"version-history":[{"count":0,"href":"https:\/\/senoticias.com.br\/se\/wp-json\/wp\/v2\/posts\/40976\/revisions"}],"wp:featuredmedia":[{"embeddable":true,"href":"https:\/\/senoticias.com.br\/se\/wp-json\/wp\/v2\/media\/40977"}],"wp:attachment":[{"href":"https:\/\/senoticias.com.br\/se\/wp-json\/wp\/v2\/media?parent=40976"}],"wp:term":[{"taxonomy":"category","embeddable":true,"href":"https:\/\/senoticias.com.br\/se\/wp-json\/wp\/v2\/categories?post=40976"},{"taxonomy":"post_tag","embeddable":true,"href":"https:\/\/senoticias.com.br\/se\/wp-json\/wp\/v2\/tags?post=40976"}],"curies":[{"name":"wp","href":"https:\/\/api.w.org\/{rel}","templated":true}]}}