{"id":40973,"date":"2012-11-09T11:45:03","date_gmt":"2012-11-09T14:45:03","guid":{"rendered":"http:\/\/senoticias.com.br\/se\/?p=40973"},"modified":"2012-11-09T11:45:27","modified_gmt":"2012-11-09T14:45:27","slug":"policia-prende-seis-em-lagarto-e-apreende-mais-de-15-kg-de-cocaina","status":"publish","type":"post","link":"https:\/\/senoticias.com.br\/se\/policia-prende-seis-em-lagarto-e-apreende-mais-de-15-kg-de-cocaina\/","title":{"rendered":"Pol\u00edcia prende seis em Lagarto e apreende mais de 1,5 kg de coca\u00edna"},"content":{"rendered":"<p>&nbsp;<\/p>\n<div id=\"attachment_40974\" style=\"width: 310px\" class=\"wp-caption alignleft\"><a href=\"http:\/\/senoticias.com.br\/se\/wp-content\/uploads\/2012\/11\/550x220.jpg\"><img loading=\"lazy\" decoding=\"async\" aria-describedby=\"caption-attachment-40974\" class=\"size-medium wp-image-40974\" title=\"550x220\" src=\"http:\/\/senoticias.com.br\/se\/wp-content\/uploads\/2012\/11\/550x220-300x119.jpg\" alt=\"\" width=\"300\" height=\"119\" srcset=\"https:\/\/senoticias.com.br\/se\/wp-content\/uploads\/2012\/11\/550x220-300x119.jpg 300w, https:\/\/senoticias.com.br\/se\/wp-content\/uploads\/2012\/11\/550x220-342x136.jpg 342w, https:\/\/senoticias.com.br\/se\/wp-content\/uploads\/2012\/11\/550x220.jpg 550w\" sizes=\"(max-width: 300px) 100vw, 300px\" \/><\/a><p id=\"caption-attachment-40974\" class=\"wp-caption-text\">Pol\u00edcia prende seis em Lagarto. (Foto: Portal Lagartense)<\/p><\/div>\n<p style=\"text-align: justify;\">Nas primeiras horas da manh\u00e3 desta sexta-feira, 9, equipes da Delegacia Regional da cidade de Lagarto, delegacia do munic\u00edpio de Sim\u00e3o Dias, Coordenadoria de Pol\u00edcia Civil do Interior (Copci), Departamento de Narc\u00f3ticos (Denarc) e Grupo de A\u00e7\u00f5es T\u00e1ticas do Interior (Gati) realizaram uma opera\u00e7\u00e3o na cidade de Lagarto que culminou com a pris\u00e3o de seis pessoas envolvidas com o tr\u00e1fico de drogas e a apreens\u00e3o de mais de 1,5 kg de coca\u00edna.<\/p>\n<p style=\"text-align: justify;\">Foram presos os irm\u00e3os Janisson Valadares Mendes, 27 anos, e Zaksandro Valadares Mendes, 28 anos, al\u00e9m de Val\u00e9ria Carolina Carvalho Cora, 25 anos, Ricardo Jesus Oliveira, 20 anos, Ant\u00f4nio Madieli dos Santos, 33 anos, e Edvan Damasceno dos Santos, 29 anos. As pris\u00f5es foram registradas nos bairros Lib\u00f3rio, Boa Vista e Centro.<\/p>\n<p style=\"text-align: justify;\">Durante a a\u00e7\u00e3o, foram cumpridos cinco mandados de pris\u00e3o e executadas tr\u00eas pris\u00f5es em flagrante. &#8220;Esse grupo se estabeleceu h\u00e1 cerca de quatro meses em Lagarto e vinha crescendo suas atividades il\u00edcitas, comercializando coca\u00edna, crack e maconha&#8221;, explicou o delegado F\u00e1bio Pimentel. Ainda de acordo com Pimentel, Ricardo e Janisson eram os l\u00edderes da quadrilha, enquanto os demais ficavam respons\u00e1veis pela log\u00edstica e distribui\u00e7\u00e3o da droga. &#8220;Na casa de Ricardo encontramos 1,5 quilos de coca\u00edna e na casa de Janisson 17 pinos contendo coca\u00edna. O grupo tamb\u00e9m recrutava adolescentes para vender as subst\u00e2ncias entorpecentes&#8221;, acrescentou o delegado.<\/p>\n<p style=\"text-align: justify;\">Todos os envolvidos est\u00e3o detidos na carceragem da Delegacia Regional de Lagarto \u00e0 disposi\u00e7\u00e3o da Justi\u00e7a. Eles responder\u00e3o pelos crimes de tr\u00e1fico e associa\u00e7\u00e3o, al\u00e9m de corrup\u00e7\u00e3o de menores.<\/p>\n<p style=\"text-align: justify;\"><em><strong>SSP\/SE<\/strong><\/em><\/p>\n","protected":false},"excerpt":{"rendered":"<p>&nbsp; Nas primeiras horas da manh\u00e3 desta sexta-feira, 9, equipes da Delegacia Regional da cidade de Lagarto, delegacia do munic\u00edpio de Sim\u00e3o Dias, Coordenadoria de Pol\u00edcia Civil do Interior (Copci), Departamento de Narc\u00f3ticos (Denarc) e Grupo de A\u00e7\u00f5es T\u00e1ticas do Interior (Gati) realizaram uma opera\u00e7\u00e3o na cidade de Lagarto que culminou com a pris\u00e3o de [&hellip;]<\/p>\n","protected":false},"author":1,"featured_media":40974,"comment_status":"closed","ping_status":"closed","sticky":false,"template":"","format":"standard","meta":{"footnotes":""},"categories":[7],"tags":[],"class_list":{"0":"post-40973","1":"post","2":"type-post","3":"status-publish","4":"format-standard","5":"has-post-thumbnail","7":"category-policia"},"_links":{"self":[{"href":"https:\/\/senoticias.com.br\/se\/wp-json\/wp\/v2\/posts\/40973"}],"collection":[{"href":"https:\/\/senoticias.com.br\/se\/wp-json\/wp\/v2\/posts"}],"about":[{"href":"https:\/\/senoticias.com.br\/se\/wp-json\/wp\/v2\/types\/post"}],"author":[{"embeddable":true,"href":"https:\/\/senoticias.com.br\/se\/wp-json\/wp\/v2\/users\/1"}],"replies":[{"embeddable":true,"href":"https:\/\/senoticias.com.br\/se\/wp-json\/wp\/v2\/comments?post=40973"}],"version-history":[{"count":0,"href":"https:\/\/senoticias.com.br\/se\/wp-json\/wp\/v2\/posts\/40973\/revisions"}],"wp:featuredmedia":[{"embeddable":true,"href":"https:\/\/senoticias.com.br\/se\/wp-json\/wp\/v2\/media\/40974"}],"wp:attachment":[{"href":"https:\/\/senoticias.com.br\/se\/wp-json\/wp\/v2\/media?parent=40973"}],"wp:term":[{"taxonomy":"category","embeddable":true,"href":"https:\/\/senoticias.com.br\/se\/wp-json\/wp\/v2\/categories?post=40973"},{"taxonomy":"post_tag","embeddable":true,"href":"https:\/\/senoticias.com.br\/se\/wp-json\/wp\/v2\/tags?post=40973"}],"curies":[{"name":"wp","href":"https:\/\/api.w.org\/{rel}","templated":true}]}}