{"id":40713,"date":"2012-11-03T11:20:33","date_gmt":"2012-11-03T14:20:33","guid":{"rendered":"http:\/\/senoticias.com.br\/se\/?p=40713"},"modified":"2012-11-05T16:12:04","modified_gmt":"2012-11-05T19:12:04","slug":"jornalista-da-revista-epoca-destaca-projeto-de-rogerio-carvalho","status":"publish","type":"post","link":"https:\/\/senoticias.com.br\/se\/jornalista-da-revista-epoca-destaca-projeto-de-rogerio-carvalho\/","title":{"rendered":"Jornalista da revista &#8216;\u00c9poca&#8217; destaca projeto de Rog\u00e9rio Carvalho"},"content":{"rendered":"<p>&nbsp;<\/p>\n<p><a href=\" http:\/\/colunas.revistaepoca.globo.com\/felipepatury\/2012\/10\/31\/cacique-serigy-pode-virar-heroi-nacional\/    \" target=\"_blank\"><strong>Por FELIPE PATURY, \u00c9poca<\/strong><\/a><\/p>\n<div id=\"attachment_28513\" style=\"width: 310px\" class=\"wp-caption alignleft\"><a href=\"http:\/\/senoticias.com.br\/se\/wp-content\/uploads\/2012\/03\/Rog\u00e9rio-Carvalho.jpg\"><img loading=\"lazy\" decoding=\"async\" aria-describedby=\"caption-attachment-28513\" class=\"size-medium wp-image-28513\" title=\"Rog\u00e9rio Carvalho\" src=\"http:\/\/senoticias.com.br\/se\/wp-content\/uploads\/2012\/03\/Rog\u00e9rio-Carvalho-300x179.jpg\" alt=\"\" width=\"300\" height=\"179\" srcset=\"https:\/\/senoticias.com.br\/se\/wp-content\/uploads\/2012\/03\/Rog\u00e9rio-Carvalho-300x179.jpg 300w, https:\/\/senoticias.com.br\/se\/wp-content\/uploads\/2012\/03\/Rog\u00e9rio-Carvalho-342x205.jpg 342w, https:\/\/senoticias.com.br\/se\/wp-content\/uploads\/2012\/03\/Rog\u00e9rio-Carvalho.jpg 552w\" sizes=\"(max-width: 300px) 100vw, 300px\" \/><\/a><p id=\"caption-attachment-28513\" class=\"wp-caption-text\">Deputado federal Rog\u00e9rio Carvalho. (Reprodu\u00e7\u00e3o)<\/p><\/div>\n<p style=\"text-align: justify;\">Foi aprovado na Comiss\u00e3o de Educa\u00e7\u00e3o e Cultura da C\u00e2mara dos Deputados o parecer do deputado Jean Willys (foto)(PSOL-RJ) sobre o projeto de lei 3724\/12, que transforma o Cacique Serigy em her\u00f3i nacional.<\/p>\n<p style=\"text-align: justify;\">O projeto, de autoria do <strong><a href=\"http:\/\/colunas.revistaepoca.globo.com\/felipepatury\/?s=Rog%C3%A9rio+Carvalho\" target=\"_blank\">deputado Rog\u00e9rio Carvalho (PT-SE)<\/a><\/strong>, precisa ser aprovado ainda por mais uma comiss\u00e3o da C\u00e2mara e pelo Senado para chegar \u00e0 san\u00e7\u00e3o presidencial e, finalmente, virar lei.<\/p>\n<p style=\"text-align: justify;\">No Congresso, h\u00e1 movimenta\u00e7\u00e3o para que todo esse tr\u00e2mite se d\u00ea at\u00e9 19 de abril de 2013, o Dia do \u00cdndio. O Cacique Serigy seria, ent\u00e3o, o primeiro \u00edndio reconhecido como her\u00f3i nacional.<\/p>\n<p style=\"text-align: justify;\">Al\u00e9m dele, fazem parte do Pante\u00e3o da P\u00e1tria e da Liberdade Santos Dumont, Duque de Caxias e Zumbi dos Palmares, entre outros. Serigy foi o l\u00edder ind\u00edgena que, na segunda metade do s\u00e9culo XVI, comandou a resist\u00eancia \u00e0 coloniza\u00e7\u00e3o portuguesa da \u00e1rea onde hoje \u00e9 o estado de Sergipe.<\/p>\n","protected":false},"excerpt":{"rendered":"<p>&nbsp; Por FELIPE PATURY, \u00c9poca Foi aprovado na Comiss\u00e3o de Educa\u00e7\u00e3o e Cultura da C\u00e2mara dos Deputados o parecer do deputado Jean Willys (foto)(PSOL-RJ) sobre o projeto de lei 3724\/12, que transforma o Cacique Serigy em her\u00f3i nacional. O projeto, de autoria do deputado Rog\u00e9rio Carvalho (PT-SE), precisa ser aprovado ainda por mais uma comiss\u00e3o [&hellip;]<\/p>\n","protected":false},"author":1,"featured_media":28513,"comment_status":"closed","ping_status":"closed","sticky":false,"template":"","format":"standard","meta":{"footnotes":""},"categories":[6],"tags":[],"class_list":{"0":"post-40713","1":"post","2":"type-post","3":"status-publish","4":"format-standard","5":"has-post-thumbnail","7":"category-politica"},"_links":{"self":[{"href":"https:\/\/senoticias.com.br\/se\/wp-json\/wp\/v2\/posts\/40713"}],"collection":[{"href":"https:\/\/senoticias.com.br\/se\/wp-json\/wp\/v2\/posts"}],"about":[{"href":"https:\/\/senoticias.com.br\/se\/wp-json\/wp\/v2\/types\/post"}],"author":[{"embeddable":true,"href":"https:\/\/senoticias.com.br\/se\/wp-json\/wp\/v2\/users\/1"}],"replies":[{"embeddable":true,"href":"https:\/\/senoticias.com.br\/se\/wp-json\/wp\/v2\/comments?post=40713"}],"version-history":[{"count":0,"href":"https:\/\/senoticias.com.br\/se\/wp-json\/wp\/v2\/posts\/40713\/revisions"}],"wp:featuredmedia":[{"embeddable":true,"href":"https:\/\/senoticias.com.br\/se\/wp-json\/wp\/v2\/media\/28513"}],"wp:attachment":[{"href":"https:\/\/senoticias.com.br\/se\/wp-json\/wp\/v2\/media?parent=40713"}],"wp:term":[{"taxonomy":"category","embeddable":true,"href":"https:\/\/senoticias.com.br\/se\/wp-json\/wp\/v2\/categories?post=40713"},{"taxonomy":"post_tag","embeddable":true,"href":"https:\/\/senoticias.com.br\/se\/wp-json\/wp\/v2\/tags?post=40713"}],"curies":[{"name":"wp","href":"https:\/\/api.w.org\/{rel}","templated":true}]}}