{"id":40706,"date":"2012-11-02T18:55:50","date_gmt":"2012-11-02T21:55:50","guid":{"rendered":"http:\/\/senoticias.com.br\/se\/?p=40706"},"modified":"2012-11-02T22:22:27","modified_gmt":"2012-11-03T01:22:27","slug":"cargos-dos-conselheiros-do-tce-ulices-andrade-e-luis-augusto-ribeiro-em-xeque","status":"publish","type":"post","link":"https:\/\/senoticias.com.br\/se\/cargos-dos-conselheiros-do-tce-ulices-andrade-e-luis-augusto-ribeiro-em-xeque\/","title":{"rendered":"Cargos dos conselheiros do TCE Ulices Andrade e Lu\u00eds Augusto Ribeiro em xeque"},"content":{"rendered":"<p><a href=\" http:\/\/universopolitico.com.br\/exibir.php?noticia=15105&amp;u=cargos-dos-conselheiros-do-tce-ulices-andrade-e-luis-augusto-ribeiro-em-xeque\" target=\"_blank\"><strong>Por Joedson Telles &#8211; Universo Pol\u00edtico<\/strong><\/a><\/p>\n<p><span style=\"color: #333333;\"><strong>Em resposta a Belivaldo Chagas, advogados de Gilmar Carvalho j\u00e1 preparam a\u00e7\u00e3o contra nomea\u00e7\u00f5es<\/strong><\/span><\/p>\n<div id=\"attachment_40116\" style=\"width: 280px\" class=\"wp-caption alignleft\"><a href=\"http:\/\/senoticias.com.br\/se\/wp-content\/uploads\/2012\/10\/Gilmar-Carvalho.jpg\"><img loading=\"lazy\" decoding=\"async\" aria-describedby=\"caption-attachment-40116\" class=\"size-full wp-image-40116\" title=\"Gilmar Carvalho\" src=\"http:\/\/senoticias.com.br\/se\/wp-content\/uploads\/2012\/10\/Gilmar-Carvalho.jpg\" alt=\"\" width=\"270\" height=\"187\" srcset=\"https:\/\/senoticias.com.br\/se\/wp-content\/uploads\/2012\/10\/Gilmar-Carvalho.jpg 270w, https:\/\/senoticias.com.br\/se\/wp-content\/uploads\/2012\/10\/Gilmar-Carvalho-269x187.jpg 269w\" sizes=\"(max-width: 270px) 100vw, 270px\" \/><\/a><p id=\"caption-attachment-40116\" class=\"wp-caption-text\">GILMAR VAI ENTRAR COM A\u00c7\u00c3O PEDINDO CARGOS DE 2 CONSELHEIROS. (FOTO: REPRODU\u00c7\u00c3O)<\/p><\/div>\n<p style=\"text-align: justify;\">Cumprindo sua palavra, o deputado estadual Gilmar Carvalho (PR) anunciou em seu site, o Nenot\u00edcias, em mat\u00e9ria postada na manh\u00e3 deste s\u00e1bado, dia 2, que j\u00e1 determinou \u00e0 sua assessoria jur\u00eddica prepar uma a\u00e7\u00e3o judicial com o objetivo de anular as nomea\u00e7\u00f5es dos conselheiros do Tribunal de Contas do Estado (TCE), Ulices Andrade e Luis Augusto Ribeiro.<\/p>\n<p style=\"text-align: justify;\">A decis\u00e3o do parlamentar est\u00e1 lastreada no fato de o secretario de Estado da Educa\u00e7\u00e3o, Belivaldo Chagas, inconformado com a derrota de 13 x 9 para a deputada Susana Azevedo (PSC), na disputa por uma vaga de conselheiro do TCE, ter entrado na Justi\u00e7a para barrar a nomea\u00e7\u00e3o de Susana, alegado que o deputado suplente Gilmar Carvalho, que assumiu beneficiado por uma licen\u00e7a de 120 dias tirada por Susana, n\u00e3o poderia votar por ser beneficiado.<\/p>\n<p style=\"text-align: justify;\">Explicando que, de acordo com o artigo 242 do regimento interno da Assembleia Legislativa de Sergipe, um deputado n\u00e3o pode votar em causa pr\u00f3pria, leia-se em si mesmo para ser nomeado conselheiro do TCE, Gilmar Carvalho, assim como havia dito em seu programa de r\u00e1dio, na Ilha FM, t\u00e3o logo Belivaldo anunciou que buscaria a Justi\u00e7a, lembrou que o ent\u00e3o deputado Ulices Andrade votou em si mesmo para ser hoje conselheiro do TCE. Gilmar salienta ainda que o conselheiro Luis Augusto Ribeiro recebeu o voto do deputado Gustinho Ribeiro (PSD), seu pr\u00f3prio filho.<\/p>\n<p style=\"text-align: justify;\">Gilmar Carvalho revela ainda na mesma mat\u00e9ria postada no Nenot\u00edcias que \u201cn\u00e3o podendo integrar as comiss\u00f5es, por ser ainda suplente, convenceu o deputado Gilson Andrade (PTC) a pedir vista dos projetos do governo que pedem autoriza\u00e7\u00e3o para contrair empr\u00e9stimos que somam R$ 727 milh\u00f5es\u201d.<\/p>\n<p><span style=\"color: #333333;\"><strong>Da reda\u00e7\u00e3o Universo Pol\u00edtico.com<\/strong><\/span><\/p>\n","protected":false},"excerpt":{"rendered":"<p>Por Joedson Telles &#8211; Universo Pol\u00edtico Em resposta a Belivaldo Chagas, advogados de Gilmar Carvalho j\u00e1 preparam a\u00e7\u00e3o contra nomea\u00e7\u00f5es Cumprindo sua palavra, o deputado estadual Gilmar Carvalho (PR) anunciou em seu site, o Nenot\u00edcias, em mat\u00e9ria postada na manh\u00e3 deste s\u00e1bado, dia 2, que j\u00e1 determinou \u00e0 sua assessoria jur\u00eddica prepar uma a\u00e7\u00e3o judicial [&hellip;]<\/p>\n","protected":false},"author":1,"featured_media":40116,"comment_status":"closed","ping_status":"closed","sticky":false,"template":"","format":"standard","meta":{"footnotes":""},"categories":[6],"tags":[],"class_list":{"0":"post-40706","1":"post","2":"type-post","3":"status-publish","4":"format-standard","5":"has-post-thumbnail","7":"category-politica"},"_links":{"self":[{"href":"https:\/\/senoticias.com.br\/se\/wp-json\/wp\/v2\/posts\/40706"}],"collection":[{"href":"https:\/\/senoticias.com.br\/se\/wp-json\/wp\/v2\/posts"}],"about":[{"href":"https:\/\/senoticias.com.br\/se\/wp-json\/wp\/v2\/types\/post"}],"author":[{"embeddable":true,"href":"https:\/\/senoticias.com.br\/se\/wp-json\/wp\/v2\/users\/1"}],"replies":[{"embeddable":true,"href":"https:\/\/senoticias.com.br\/se\/wp-json\/wp\/v2\/comments?post=40706"}],"version-history":[{"count":0,"href":"https:\/\/senoticias.com.br\/se\/wp-json\/wp\/v2\/posts\/40706\/revisions"}],"wp:featuredmedia":[{"embeddable":true,"href":"https:\/\/senoticias.com.br\/se\/wp-json\/wp\/v2\/media\/40116"}],"wp:attachment":[{"href":"https:\/\/senoticias.com.br\/se\/wp-json\/wp\/v2\/media?parent=40706"}],"wp:term":[{"taxonomy":"category","embeddable":true,"href":"https:\/\/senoticias.com.br\/se\/wp-json\/wp\/v2\/categories?post=40706"},{"taxonomy":"post_tag","embeddable":true,"href":"https:\/\/senoticias.com.br\/se\/wp-json\/wp\/v2\/tags?post=40706"}],"curies":[{"name":"wp","href":"https:\/\/api.w.org\/{rel}","templated":true}]}}