{"id":40699,"date":"2012-11-02T21:15:20","date_gmt":"2012-11-03T00:15:20","guid":{"rendered":"http:\/\/senoticias.com.br\/se\/?p=40699"},"modified":"2012-11-03T15:17:25","modified_gmt":"2012-11-03T18:17:25","slug":"duas-pessoas-ficam-feridas-apos-tiros-no-terminal-do-dia-veja-o-video","status":"publish","type":"post","link":"https:\/\/senoticias.com.br\/se\/duas-pessoas-ficam-feridas-apos-tiros-no-terminal-do-dia-veja-o-video\/","title":{"rendered":"Duas pessoas ficam feridas ap\u00f3s tiros no terminal do DIA."},"content":{"rendered":"<p style=\"text-align: justify;\"><strong>Fl\u00e1vio Antunes, G1 SE<\/strong><\/p>\n<div id=\"attachment_40717\" style=\"width: 310px\" class=\"wp-caption alignleft\"><a href=\"http:\/\/senoticias.com.br\/se\/wp-content\/uploads\/2012\/11\/20121103_145713.jpg\"><img loading=\"lazy\" decoding=\"async\" aria-describedby=\"caption-attachment-40717\" class=\"size-medium wp-image-40717\" title=\"20121103_145713\" src=\"http:\/\/senoticias.com.br\/se\/wp-content\/uploads\/2012\/11\/20121103_145713-300x239.jpg\" alt=\"\" width=\"300\" height=\"239\" srcset=\"https:\/\/senoticias.com.br\/se\/wp-content\/uploads\/2012\/11\/20121103_145713-300x239.jpg 300w, https:\/\/senoticias.com.br\/se\/wp-content\/uploads\/2012\/11\/20121103_145713-342x273.jpg 342w, https:\/\/senoticias.com.br\/se\/wp-content\/uploads\/2012\/11\/20121103_145713.jpg 552w\" sizes=\"(max-width: 300px) 100vw, 300px\" \/><\/a><p id=\"caption-attachment-40717\" class=\"wp-caption-text\">Duas pessoas ficaram feridas. (Foto: Reprodu\u00e7\u00e3o)<\/p><\/div>\n<p style=\"text-align: justify;\">Duas pessoas s\u00e3o baleadas e ficam feridas na tarde desta sexta-feira (02), no terminal de Integra\u00e7\u00e3o do DIA. Usu\u00e1rios do transporte p\u00fablico ficaram desesperados quando um homem invade o terminal com uma arma na m\u00e3o atr\u00e1s de outra pessoa.<\/p>\n<p style=\"text-align: justify;\">Ao todo foram disparados cinco tiros que deixaram crian\u00e7as, idosos e ambulantes assustados. Foram atingidos uma senhora e um homem que estava sentado na cal\u00e7ada todo ensanguentado.<\/p>\n<p style=\"text-align: justify;\">O tiro na senhora pegou de rasp\u00e3o na perna. J\u00e1 o rapaz ficou ferido na m\u00e3o, bochecha e bra\u00e7o. A confus\u00e3o come\u00e7ou ap\u00f3s um roubo que aconteceu no coletivo. \u201cEu estava dentro do \u00f4nibus com minha corrente e o meu celular. Quando eu percebi que eles iam me roubar tentei ir para frente, mas eles me abordaram. Quando eu entreguei os objetos eles foram dividir o roubo e se desentenderam\u201d, explica a vitima que preferiu n\u00e3o ser identificada.<\/p>\n<p style=\"text-align: justify;\">A pol\u00edcia chegou ao local e conseguiu efetuar a pris\u00e3o em flagrante, pois havia sido reconhecido pelas v\u00edtimas que foram assaltadas. O celular foi encontrado no bolso do rapaz que foi atingido.<\/p>\n<p style=\"text-align: justify;\">Outras duas pessoas suspeitas de participar do assalto est\u00e3o sendo procuradas pela pol\u00edcia.<\/p>\n<p style=\"text-align: justify;\"><a href=\" http:\/\/g1.globo.com\/se\/sergipe\/noticia\/2012\/11\/pessoas-ficam-feridas-apos-tiros-no-terminal-de-integracao-de-aracaju.html\" target=\"_blank\"><strong>Clique aqui e veja o v\u00eddeo<\/strong><\/a><\/p>\n","protected":false},"excerpt":{"rendered":"<p>Fl\u00e1vio Antunes, G1 SE Duas pessoas s\u00e3o baleadas e ficam feridas na tarde desta sexta-feira (02), no terminal de Integra\u00e7\u00e3o do DIA. Usu\u00e1rios do transporte p\u00fablico ficaram desesperados quando um homem invade o terminal com uma arma na m\u00e3o atr\u00e1s de outra pessoa. Ao todo foram disparados cinco tiros que deixaram crian\u00e7as, idosos e ambulantes [&hellip;]<\/p>\n","protected":false},"author":1,"featured_media":40717,"comment_status":"closed","ping_status":"closed","sticky":false,"template":"","format":"standard","meta":{"footnotes":""},"categories":[7],"tags":[],"class_list":{"0":"post-40699","1":"post","2":"type-post","3":"status-publish","4":"format-standard","5":"has-post-thumbnail","7":"category-policia"},"_links":{"self":[{"href":"https:\/\/senoticias.com.br\/se\/wp-json\/wp\/v2\/posts\/40699"}],"collection":[{"href":"https:\/\/senoticias.com.br\/se\/wp-json\/wp\/v2\/posts"}],"about":[{"href":"https:\/\/senoticias.com.br\/se\/wp-json\/wp\/v2\/types\/post"}],"author":[{"embeddable":true,"href":"https:\/\/senoticias.com.br\/se\/wp-json\/wp\/v2\/users\/1"}],"replies":[{"embeddable":true,"href":"https:\/\/senoticias.com.br\/se\/wp-json\/wp\/v2\/comments?post=40699"}],"version-history":[{"count":0,"href":"https:\/\/senoticias.com.br\/se\/wp-json\/wp\/v2\/posts\/40699\/revisions"}],"wp:featuredmedia":[{"embeddable":true,"href":"https:\/\/senoticias.com.br\/se\/wp-json\/wp\/v2\/media\/40717"}],"wp:attachment":[{"href":"https:\/\/senoticias.com.br\/se\/wp-json\/wp\/v2\/media?parent=40699"}],"wp:term":[{"taxonomy":"category","embeddable":true,"href":"https:\/\/senoticias.com.br\/se\/wp-json\/wp\/v2\/categories?post=40699"},{"taxonomy":"post_tag","embeddable":true,"href":"https:\/\/senoticias.com.br\/se\/wp-json\/wp\/v2\/tags?post=40699"}],"curies":[{"name":"wp","href":"https:\/\/api.w.org\/{rel}","templated":true}]}}