{"id":40696,"date":"2012-11-02T20:52:22","date_gmt":"2012-11-02T23:52:22","guid":{"rendered":"http:\/\/senoticias.com.br\/se\/?p=40696"},"modified":"2012-11-02T20:58:01","modified_gmt":"2012-11-02T23:58:01","slug":"assassinato-e-registrado-no-feriado-de-finados-na-cidade-de-tobias-barreto","status":"publish","type":"post","link":"https:\/\/senoticias.com.br\/se\/assassinato-e-registrado-no-feriado-de-finados-na-cidade-de-tobias-barreto\/","title":{"rendered":"Homem \u00e9 executado a tiros na cidade de Tobias Barreto"},"content":{"rendered":"<p>&nbsp;<\/p>\n<div id=\"attachment_40697\" style=\"width: 310px\" class=\"wp-caption alignleft\"><a href=\"http:\/\/senoticias.com.br\/se\/wp-content\/uploads\/2012\/11\/mortes_tobias_barreto_sexta.jpg\"><img loading=\"lazy\" decoding=\"async\" aria-describedby=\"caption-attachment-40697\" class=\"size-medium wp-image-40697\" title=\"mortes_tobias_barreto_sexta\" src=\"http:\/\/senoticias.com.br\/se\/wp-content\/uploads\/2012\/11\/mortes_tobias_barreto_sexta-300x210.jpg\" alt=\"\" width=\"300\" height=\"210\" srcset=\"https:\/\/senoticias.com.br\/se\/wp-content\/uploads\/2012\/11\/mortes_tobias_barreto_sexta-300x210.jpg 300w, https:\/\/senoticias.com.br\/se\/wp-content\/uploads\/2012\/11\/mortes_tobias_barreto_sexta-342x240.jpg 342w, https:\/\/senoticias.com.br\/se\/wp-content\/uploads\/2012\/11\/mortes_tobias_barreto_sexta.jpg 356w\" sizes=\"(max-width: 300px) 100vw, 300px\" \/><\/a><p id=\"caption-attachment-40697\" class=\"wp-caption-text\">(Foto: Adenilton Almeida\/Portal Tobiense)<\/p><\/div>\n<p style=\"text-align: justify;\">A popula\u00e7\u00e3o de Tobias Barreto, localizado regi\u00e3o Centro Sul de Sergipe, passa por momentos de inseguran\u00e7a com o registro de assassinatos no munic\u00edpio. Nas \u00faltimas 24 horas duas pessoas foram mortas por disparos de arma de fogo.<\/p>\n<p style=\"text-align: justify;\">or volta das 14 horas desta sexta-feira, dia 02, o jovem Edibenes da Silva Alves, 23 anos, foi alvejado a tiros no bairro Santa Rita, pr\u00f3ximo a estrada de acesso ao povoado Jabeberi.<\/p>\n<p style=\"text-align: justify;\">A v\u00edtima estava a p\u00e9 quando foi atingida pelas costas por elementos que trafegavam em uma motocicleta.<\/p>\n<p style=\"text-align: justify;\">No dia anterior a <strong><a href=\"http:\/\/senoticias.com.br\/se\/?p=40649\" target=\"_blank\">v\u00edtima foi o montador de m\u00f3veis, Aldeney da Silva<\/a><\/strong>, 37 anos. Ele chegava \u00e0 sua resid\u00eancia por volta das 7h30 horas e foi surpreendido por um elemento armado. Alvejado por disparos de rev\u00f3lver calibre 38 na cabe\u00e7a, Aldeney da Silva morreu na hora.<\/p>\n<p style=\"text-align: justify;\">A pol\u00edcia suspeita de latroc\u00ednio, uma vez que a v\u00edtima havia deixado uma ag\u00eancia banc\u00e1ria com uma boa quantia de dinheiro e o mesmo n\u00e3o foi encontrado no local do crime.<\/p>\n<p style=\"text-align: justify;\">Pai de dois filhos, ele era separado e estava com viagem marcada para a cidade de Feira de Santana (BA), onde pretendia realizar compras.<\/p>\n<p style=\"text-align: justify;\"><em><strong>Por Gilson de Oliveira &#8211; Itnet<\/strong><\/em><\/p>\n","protected":false},"excerpt":{"rendered":"<p>&nbsp; A popula\u00e7\u00e3o de Tobias Barreto, localizado regi\u00e3o Centro Sul de Sergipe, passa por momentos de inseguran\u00e7a com o registro de assassinatos no munic\u00edpio. Nas \u00faltimas 24 horas duas pessoas foram mortas por disparos de arma de fogo. or volta das 14 horas desta sexta-feira, dia 02, o jovem Edibenes da Silva Alves, 23 anos, [&hellip;]<\/p>\n","protected":false},"author":1,"featured_media":40697,"comment_status":"closed","ping_status":"closed","sticky":false,"template":"","format":"standard","meta":{"footnotes":""},"categories":[7],"tags":[],"class_list":{"0":"post-40696","1":"post","2":"type-post","3":"status-publish","4":"format-standard","5":"has-post-thumbnail","7":"category-policia"},"_links":{"self":[{"href":"https:\/\/senoticias.com.br\/se\/wp-json\/wp\/v2\/posts\/40696"}],"collection":[{"href":"https:\/\/senoticias.com.br\/se\/wp-json\/wp\/v2\/posts"}],"about":[{"href":"https:\/\/senoticias.com.br\/se\/wp-json\/wp\/v2\/types\/post"}],"author":[{"embeddable":true,"href":"https:\/\/senoticias.com.br\/se\/wp-json\/wp\/v2\/users\/1"}],"replies":[{"embeddable":true,"href":"https:\/\/senoticias.com.br\/se\/wp-json\/wp\/v2\/comments?post=40696"}],"version-history":[{"count":0,"href":"https:\/\/senoticias.com.br\/se\/wp-json\/wp\/v2\/posts\/40696\/revisions"}],"wp:featuredmedia":[{"embeddable":true,"href":"https:\/\/senoticias.com.br\/se\/wp-json\/wp\/v2\/media\/40697"}],"wp:attachment":[{"href":"https:\/\/senoticias.com.br\/se\/wp-json\/wp\/v2\/media?parent=40696"}],"wp:term":[{"taxonomy":"category","embeddable":true,"href":"https:\/\/senoticias.com.br\/se\/wp-json\/wp\/v2\/categories?post=40696"},{"taxonomy":"post_tag","embeddable":true,"href":"https:\/\/senoticias.com.br\/se\/wp-json\/wp\/v2\/tags?post=40696"}],"curies":[{"name":"wp","href":"https:\/\/api.w.org\/{rel}","templated":true}]}}