{"id":40691,"date":"2012-11-02T20:21:38","date_gmt":"2012-11-02T23:21:38","guid":{"rendered":"http:\/\/senoticias.com.br\/se\/?p=40691"},"modified":"2012-11-05T09:26:22","modified_gmt":"2012-11-05T12:26:22","slug":"honda-lanca-carro-que-gasta-1-litro-de-combustivel-a-cada-27-km","status":"publish","type":"post","link":"https:\/\/senoticias.com.br\/se\/honda-lanca-carro-que-gasta-1-litro-de-combustivel-a-cada-27-km\/","title":{"rendered":"Honda lan\u00e7a carro que gasta 1 litro de combust\u00edvel a cada 27 km"},"content":{"rendered":"<p><span style=\"color: #333333;\"><em><strong>G1, em S\u00e3o Paulo<\/strong><\/em><\/span><\/p>\n<p style=\"text-align: justify;\"><span style=\"color: #333333;\"><strong>Modelo compacto N-One chega ao mercado japon\u00eas.<\/strong><\/span><br \/>\n<span style=\"color: #333333;\"><strong> Com motor de 660 cilindradas e 64 cv, ve\u00edculo parte de US$ 14,3 mil.<\/strong><\/span><\/p>\n<div id=\"attachment_40694\" style=\"width: 599px\" class=\"wp-caption aligncenter\"><a href=\"http:\/\/senoticias.com.br\/se\/wp-content\/uploads\/2012\/11\/Carro.jpg\"><img loading=\"lazy\" decoding=\"async\" aria-describedby=\"caption-attachment-40694\" class=\"size-full wp-image-40694\" title=\"Carro\" src=\"http:\/\/senoticias.com.br\/se\/wp-content\/uploads\/2012\/11\/Carro.jpg\" alt=\"\" width=\"589\" height=\"380\" srcset=\"https:\/\/senoticias.com.br\/se\/wp-content\/uploads\/2012\/11\/Carro.jpg 589w, https:\/\/senoticias.com.br\/se\/wp-content\/uploads\/2012\/11\/Carro-300x193.jpg 300w, https:\/\/senoticias.com.br\/se\/wp-content\/uploads\/2012\/11\/Carro-342x220.jpg 342w\" sizes=\"(max-width: 589px) 100vw, 589px\" \/><\/a><p id=\"caption-attachment-40694\" class=\"wp-caption-text\">A marca disponibiliza onze cores para o N-One, que pode levar at\u00e9 quatro passageiros. (Foto: Divulga\u00e7\u00e3o)<\/p><\/div>\n<p style=\"text-align: justify;\">A Honda anunciou que come\u00e7a a vender, a partir desta sexta-feira (2), no Jap\u00e3o, o compacto N-One. Com pequenas medidas, o modelo tem quatro portas e \u00e9 impulsionado por motor 3 cilindros de 660 cilindradas capaz de gerar 64 cavalos de pot\u00eancia e 10,6 kgfm de torque. Em conjunto com c\u00e2mbio autom\u00e1tico do tipo CVT, o ve\u00edculo possui consumo m\u00e9dio de 27 km\/l de combust\u00edvel. Segundo a fabricante, seu desempenho \u00e9 semelhante ao de um motor 1.3. O N-One custa a partir de 1.150.000 ienes, equivalente a US$ 14.358,85.<\/p>\n<p style=\"text-align: justify;\">Com op\u00e7\u00f5es de tra\u00e7\u00e3o dianteira ou integral, o modelo possui uma s\u00e9rie de sistemas eletr\u00f4nicos, como assistente para subidas (hill climb), assistente de estabilidade, airbag do tipo cortina e sistema de absor\u00e7\u00e3o para impactos de pedestres.<\/p>\n<p style=\"text-align: justify;\">\n","protected":false},"excerpt":{"rendered":"<p>G1, em S\u00e3o Paulo Modelo compacto N-One chega ao mercado japon\u00eas. Com motor de 660 cilindradas e 64 cv, ve\u00edculo parte de US$ 14,3 mil. A Honda anunciou que come\u00e7a a vender, a partir desta sexta-feira (2), no Jap\u00e3o, o compacto N-One. Com pequenas medidas, o modelo tem quatro portas e \u00e9 impulsionado por motor [&hellip;]<\/p>\n","protected":false},"author":1,"featured_media":40694,"comment_status":"closed","ping_status":"closed","sticky":false,"template":"","format":"standard","meta":{"footnotes":""},"categories":[15,38],"tags":[],"class_list":{"0":"post-40691","1":"post","2":"type-post","3":"status-publish","4":"format-standard","5":"has-post-thumbnail","7":"category-destaques","8":"category-municipios"},"_links":{"self":[{"href":"https:\/\/senoticias.com.br\/se\/wp-json\/wp\/v2\/posts\/40691"}],"collection":[{"href":"https:\/\/senoticias.com.br\/se\/wp-json\/wp\/v2\/posts"}],"about":[{"href":"https:\/\/senoticias.com.br\/se\/wp-json\/wp\/v2\/types\/post"}],"author":[{"embeddable":true,"href":"https:\/\/senoticias.com.br\/se\/wp-json\/wp\/v2\/users\/1"}],"replies":[{"embeddable":true,"href":"https:\/\/senoticias.com.br\/se\/wp-json\/wp\/v2\/comments?post=40691"}],"version-history":[{"count":0,"href":"https:\/\/senoticias.com.br\/se\/wp-json\/wp\/v2\/posts\/40691\/revisions"}],"wp:featuredmedia":[{"embeddable":true,"href":"https:\/\/senoticias.com.br\/se\/wp-json\/wp\/v2\/media\/40694"}],"wp:attachment":[{"href":"https:\/\/senoticias.com.br\/se\/wp-json\/wp\/v2\/media?parent=40691"}],"wp:term":[{"taxonomy":"category","embeddable":true,"href":"https:\/\/senoticias.com.br\/se\/wp-json\/wp\/v2\/categories?post=40691"},{"taxonomy":"post_tag","embeddable":true,"href":"https:\/\/senoticias.com.br\/se\/wp-json\/wp\/v2\/tags?post=40691"}],"curies":[{"name":"wp","href":"https:\/\/api.w.org\/{rel}","templated":true}]}}