{"id":40686,"date":"2012-11-02T13:54:56","date_gmt":"2012-11-02T16:54:56","guid":{"rendered":"http:\/\/senoticias.com.br\/se\/?p=40686"},"modified":"2012-11-02T13:54:56","modified_gmt":"2012-11-02T16:54:56","slug":"homem-mata-irmao-apos-flagra-lo-transando-com-a-irma","status":"publish","type":"post","link":"https:\/\/senoticias.com.br\/se\/homem-mata-irmao-apos-flagra-lo-transando-com-a-irma\/","title":{"rendered":"Homem mata irm\u00e3o ap\u00f3s flagr\u00e1-lo transando com a irm\u00e3"},"content":{"rendered":"<p><em><strong>Do Emerg\u00eancia 190<\/strong><\/em><\/p>\n<p><span style=\"color: #333333;\"><strong>Cena \u2018diab\u00f3lica\u2019 aconteceu dentro da casa da pr\u00f3pria fam\u00edlia<\/strong><\/span><\/p>\n<p>&nbsp;<\/p>\n<div id=\"attachment_40687\" style=\"width: 310px\" class=\"wp-caption alignleft\"><a href=\"http:\/\/senoticias.com.br\/se\/wp-content\/uploads\/2012\/11\/Ilustrativa.jpg\"><img loading=\"lazy\" decoding=\"async\" aria-describedby=\"caption-attachment-40687\" class=\"size-medium wp-image-40687\" title=\"Ilustrativa\" src=\"http:\/\/senoticias.com.br\/se\/wp-content\/uploads\/2012\/11\/Ilustrativa-300x207.jpg\" alt=\"\" width=\"300\" height=\"207\" srcset=\"https:\/\/senoticias.com.br\/se\/wp-content\/uploads\/2012\/11\/Ilustrativa-300x207.jpg 300w, https:\/\/senoticias.com.br\/se\/wp-content\/uploads\/2012\/11\/Ilustrativa.jpg 320w\" sizes=\"(max-width: 300px) 100vw, 300px\" \/><\/a><p id=\"caption-attachment-40687\" class=\"wp-caption-text\">Imagem meramente ilustrativa<\/p><\/div>\n<p style=\"text-align: justify;\">Dami\u00e3o Jos\u00e9 da Silva, 36, que residia no Sitio Riacho Verde, zona rural da cidade de Mata Grande, no Sert\u00e3o de Alagoas foi morto na \u00faltima quarta-feira (31).<\/p>\n<p style=\"text-align: justify;\">O crime foi praticado pelo irm\u00e3o da v\u00edtima, Givaldo Jos\u00e9 da Silva, o \u2018Gil\u2019.<\/p>\n<p style=\"text-align: justify;\">De acordo com policiais da Delegacia do munic\u00edpio, a v\u00edtima estava mantendo rela\u00e7\u00f5es sexuais com a pr\u00f3pria irm\u00e3, sendo surpreendido pelo acusado que n\u00e3o deu chances de defesa a Dami\u00e3o, que morreu logo ap\u00f3s ser alvejado.<\/p>\n<p style=\"text-align: justify;\">Ap\u00f3s o crime, Givaldo, fugiu e est\u00e1 sendo procurado por policiais do 28\u00ba DP, de Mata Grande sob o comando do delegado Walter Sales.<\/p>\n","protected":false},"excerpt":{"rendered":"<p>Do Emerg\u00eancia 190 Cena \u2018diab\u00f3lica\u2019 aconteceu dentro da casa da pr\u00f3pria fam\u00edlia &nbsp; Dami\u00e3o Jos\u00e9 da Silva, 36, que residia no Sitio Riacho Verde, zona rural da cidade de Mata Grande, no Sert\u00e3o de Alagoas foi morto na \u00faltima quarta-feira (31). O crime foi praticado pelo irm\u00e3o da v\u00edtima, Givaldo Jos\u00e9 da Silva, o \u2018Gil\u2019. [&hellip;]<\/p>\n","protected":false},"author":1,"featured_media":40687,"comment_status":"closed","ping_status":"closed","sticky":false,"template":"","format":"standard","meta":{"footnotes":""},"categories":[7],"tags":[],"class_list":{"0":"post-40686","1":"post","2":"type-post","3":"status-publish","4":"format-standard","5":"has-post-thumbnail","7":"category-policia"},"_links":{"self":[{"href":"https:\/\/senoticias.com.br\/se\/wp-json\/wp\/v2\/posts\/40686"}],"collection":[{"href":"https:\/\/senoticias.com.br\/se\/wp-json\/wp\/v2\/posts"}],"about":[{"href":"https:\/\/senoticias.com.br\/se\/wp-json\/wp\/v2\/types\/post"}],"author":[{"embeddable":true,"href":"https:\/\/senoticias.com.br\/se\/wp-json\/wp\/v2\/users\/1"}],"replies":[{"embeddable":true,"href":"https:\/\/senoticias.com.br\/se\/wp-json\/wp\/v2\/comments?post=40686"}],"version-history":[{"count":0,"href":"https:\/\/senoticias.com.br\/se\/wp-json\/wp\/v2\/posts\/40686\/revisions"}],"wp:featuredmedia":[{"embeddable":true,"href":"https:\/\/senoticias.com.br\/se\/wp-json\/wp\/v2\/media\/40687"}],"wp:attachment":[{"href":"https:\/\/senoticias.com.br\/se\/wp-json\/wp\/v2\/media?parent=40686"}],"wp:term":[{"taxonomy":"category","embeddable":true,"href":"https:\/\/senoticias.com.br\/se\/wp-json\/wp\/v2\/categories?post=40686"},{"taxonomy":"post_tag","embeddable":true,"href":"https:\/\/senoticias.com.br\/se\/wp-json\/wp\/v2\/tags?post=40686"}],"curies":[{"name":"wp","href":"https:\/\/api.w.org\/{rel}","templated":true}]}}