{"id":40680,"date":"2012-11-02T10:41:52","date_gmt":"2012-11-02T13:41:52","guid":{"rendered":"http:\/\/senoticias.com.br\/se\/?p=40680"},"modified":"2012-11-03T18:56:52","modified_gmt":"2012-11-03T21:56:52","slug":"vocalista-de-banda-de-metal-morre-aos-28-anos-apos-acidente-de-moto","status":"publish","type":"post","link":"https:\/\/senoticias.com.br\/se\/vocalista-de-banda-de-metal-morre-aos-28-anos-apos-acidente-de-moto\/","title":{"rendered":"Vocalista de banda de metal morre aos 28 anos ap\u00f3s acidente de moto"},"content":{"rendered":"<p>Do G1, em S\u00e3o Paulo<\/p>\n<p style=\"text-align: justify;\">Mitch Lucker, vocalista do Suicide Silence, banda de death metal americana, morreu na manh\u00e3 desta quinta-feira (1), na Calif\u00f3rnia, nos EUA, aos 28 anos. Ele sofreu um acidente de moto na noite anterior, e n\u00e3o resistiu aos ferimentos. Na p\u00e1gina da banda no Facebook, os demais membros do grupo postaram um comunicado aos f\u00e3s, e lamentaram o falecimento do m\u00fasico.<\/p>\n<div id=\"attachment_40681\" style=\"width: 605px\" class=\"wp-caption aligncenter\"><a href=\"http:\/\/senoticias.com.br\/se\/wp-content\/uploads\/2012\/11\/suicidesilence.jpg\"><img loading=\"lazy\" decoding=\"async\" aria-describedby=\"caption-attachment-40681\" class=\"size-full wp-image-40681\" title=\"suicidesilence\" src=\"http:\/\/senoticias.com.br\/se\/wp-content\/uploads\/2012\/11\/suicidesilence.jpg\" alt=\"\" width=\"595\" height=\"446\" srcset=\"https:\/\/senoticias.com.br\/se\/wp-content\/uploads\/2012\/11\/suicidesilence.jpg 595w, https:\/\/senoticias.com.br\/se\/wp-content\/uploads\/2012\/11\/suicidesilence-300x224.jpg 300w, https:\/\/senoticias.com.br\/se\/wp-content\/uploads\/2012\/11\/suicidesilence-342x256.jpg 342w, https:\/\/senoticias.com.br\/se\/wp-content\/uploads\/2012\/11\/suicidesilence-60x45.jpg 60w, https:\/\/senoticias.com.br\/se\/wp-content\/uploads\/2012\/11\/suicidesilence-150x113.jpg 150w, https:\/\/senoticias.com.br\/se\/wp-content\/uploads\/2012\/11\/suicidesilence-269x201.jpg 269w\" sizes=\"(max-width: 595px) 100vw, 595px\" \/><\/a><p id=\"caption-attachment-40681\" class=\"wp-caption-text\">Vocalista do Suicide Silence (centro) morre aos 28 ap\u00f3s acidente de moto (Foto: Divulga\u00e7\u00e3o)<\/p><\/div>\n<p style=\"text-align: justify;\">&#8220;N\u00e3o h\u00e1 uma maneira de falar sobre isso. Mitch morreu na manh\u00e3 de hoje por conta dos ferimentos sofridos durante um acidente de moto. \u00c9 completamente devastador para todos n\u00f3s e oferecemos nossas condol\u00eancias \u00e0 fam\u00edlia de Mitch. Ele ficar\u00e1 para sempre em nossos cora\u00e7\u00f5es. Te amamos, irm\u00e3o.&#8221; A banda foi criada em 2002. O \u00faltimo disco do grupo, &#8220;The black crown&#8221; \u2013 e terceiro da carreira \u2013, foi lan\u00e7ado em 2011.<\/p>\n","protected":false},"excerpt":{"rendered":"<p>Do G1, em S\u00e3o Paulo Mitch Lucker, vocalista do Suicide Silence, banda de death metal americana, morreu na manh\u00e3 desta quinta-feira (1), na Calif\u00f3rnia, nos EUA, aos 28 anos. Ele sofreu um acidente de moto na noite anterior, e n\u00e3o resistiu aos ferimentos. Na p\u00e1gina da banda no Facebook, os demais membros do grupo postaram [&hellip;]<\/p>\n","protected":false},"author":1,"featured_media":40681,"comment_status":"closed","ping_status":"closed","sticky":false,"template":"","format":"standard","meta":{"footnotes":""},"categories":[38],"tags":[],"class_list":{"0":"post-40680","1":"post","2":"type-post","3":"status-publish","4":"format-standard","5":"has-post-thumbnail","7":"category-municipios"},"_links":{"self":[{"href":"https:\/\/senoticias.com.br\/se\/wp-json\/wp\/v2\/posts\/40680"}],"collection":[{"href":"https:\/\/senoticias.com.br\/se\/wp-json\/wp\/v2\/posts"}],"about":[{"href":"https:\/\/senoticias.com.br\/se\/wp-json\/wp\/v2\/types\/post"}],"author":[{"embeddable":true,"href":"https:\/\/senoticias.com.br\/se\/wp-json\/wp\/v2\/users\/1"}],"replies":[{"embeddable":true,"href":"https:\/\/senoticias.com.br\/se\/wp-json\/wp\/v2\/comments?post=40680"}],"version-history":[{"count":0,"href":"https:\/\/senoticias.com.br\/se\/wp-json\/wp\/v2\/posts\/40680\/revisions"}],"wp:featuredmedia":[{"embeddable":true,"href":"https:\/\/senoticias.com.br\/se\/wp-json\/wp\/v2\/media\/40681"}],"wp:attachment":[{"href":"https:\/\/senoticias.com.br\/se\/wp-json\/wp\/v2\/media?parent=40680"}],"wp:term":[{"taxonomy":"category","embeddable":true,"href":"https:\/\/senoticias.com.br\/se\/wp-json\/wp\/v2\/categories?post=40680"},{"taxonomy":"post_tag","embeddable":true,"href":"https:\/\/senoticias.com.br\/se\/wp-json\/wp\/v2\/tags?post=40680"}],"curies":[{"name":"wp","href":"https:\/\/api.w.org\/{rel}","templated":true}]}}