{"id":40673,"date":"2012-11-01T22:12:56","date_gmt":"2012-11-02T01:12:56","guid":{"rendered":"http:\/\/senoticias.com.br\/se\/?p=40673"},"modified":"2012-11-04T12:03:35","modified_gmt":"2012-11-04T15:03:35","slug":"mendonca-defende-proinveste-e-classifica-de-%e2%80%9cgrande-equivoco%e2%80%9d-alianca-com-amorim","status":"publish","type":"post","link":"https:\/\/senoticias.com.br\/se\/mendonca-defende-proinveste-e-classifica-de-%e2%80%9cgrande-equivoco%e2%80%9d-alianca-com-amorim\/","title":{"rendered":"Mendon\u00e7a defende Proinveste e classifica de \u201cgrande equ\u00edvoco\u201d alian\u00e7a com Amorim"},"content":{"rendered":"<p><strong>Reda\u00e7\u00e3o &#8211;\u00a0Caju News<\/strong><\/p>\n<div id=\"attachment_38153\" style=\"width: 310px\" class=\"wp-caption alignleft\"><a href=\"http:\/\/senoticias.com.br\/se\/wp-content\/uploads\/2012\/08\/MENDON\u00c7A-PRADO.jpg\"><img loading=\"lazy\" decoding=\"async\" aria-describedby=\"caption-attachment-38153\" class=\"size-medium wp-image-38153\" title=\"MENDON\u00c7A PRADO\" src=\"http:\/\/senoticias.com.br\/se\/wp-content\/uploads\/2012\/08\/MENDON\u00c7A-PRADO-300x199.jpg\" alt=\"\" width=\"300\" height=\"199\" srcset=\"https:\/\/senoticias.com.br\/se\/wp-content\/uploads\/2012\/08\/MENDON\u00c7A-PRADO-300x199.jpg 300w, https:\/\/senoticias.com.br\/se\/wp-content\/uploads\/2012\/08\/MENDON\u00c7A-PRADO-342x227.jpg 342w, https:\/\/senoticias.com.br\/se\/wp-content\/uploads\/2012\/08\/MENDON\u00c7A-PRADO.jpg 518w\" sizes=\"(max-width: 300px) 100vw, 300px\" \/><\/a><p id=\"caption-attachment-38153\" class=\"wp-caption-text\">Deputado Federal Mendon\u00e7a Prado (DEM\/SE). (Foto: Sidney Lins Jr)<\/p><\/div>\n<p style=\"text-align: justify;\">Oposicionista ao governo petista de Marcelo D\u00e9da, o deputado federal Mendon\u00e7a Prado (DEM\/SE) \u201csurpreendeu\u201d o grupo pol\u00edtico liderado pelo governador Marcelo D\u00e9da, ao defender nas redes sociais o empr\u00e9stimo de R$ 727 milh\u00f5es ao Estado de Sergipe pelo Governo Federal. Os recursos s\u00e3o oriundos do Programa de Apoio ao Investimento dos Estados e do Distrito Federal (Proinveste). Para obter mais detalhes sobre este seu posicionamento, o Caju News entrevistou o parlamentar sergipano.<\/p>\n<p style=\"text-align: justify;\">Al\u00e9m do Proinveste, Mendon\u00e7a falou com exclusividade sobre a elei\u00e7\u00e3o na Assembleia Legislativa, que escolheu a deputada estadual Susana Azevedo como conselheira do Tribunal de Contas do Estado; elei\u00e7\u00e3o da nova mesa diretora da C\u00e2mara Municipal de Aracaju; alian\u00e7a DEM\/PSC, al\u00e9m da possibilidade de uma alian\u00e7a entre Jo\u00e3o e Jackson para 2014. Confira abaixo a entrevista.<\/p>\n<p style=\"text-align: justify;\"><strong>Caju News:<\/strong> Qual sua opini\u00e3o sobre o Proinveste, o senhor \u00e9 a favor ou contra?<\/p>\n<p style=\"text-align: justify;\">Mendon\u00e7a Prado: Um Estado pobre como Sergipe n\u00e3o pode deixar de aproveitar essa oportunidade. Uma opera\u00e7\u00e3o com essas caracter\u00edsticas representa o aquecimento da economia local e a gera\u00e7\u00e3o de empregos para os nossos concidad\u00e3os. Sou favor\u00e1vel porque entendo que se a mat\u00e9ria n\u00e3o fere o que preconiza a lei de responsabilidade fiscal, e n\u00e3o ultrapassa os limites da capacidade de endividamento do estado, ela \u00e9 legal e imprescind\u00edvel.<\/p>\n<p style=\"text-align: justify;\"><strong>CN:<\/strong> A sua defesa do Proinveste no twitter significa uma aproxima\u00e7\u00e3o do DEM ao projeto de Jackson Barreto para 2014?<\/p>\n<p style=\"text-align: justify;\"><strong>MP:<\/strong> N\u00e3o. A minha posi\u00e7\u00e3o \u00e9 em defesa do meu estado. N\u00e3o sou aliado de Jackson Barreto. O fato de defender o que \u00e9 bom para Sergipe n\u00e3o significa a defesa de projetos pol\u00edticos. Sou sergipano e defendo o que \u00e9 importante para o meu estado, independente de quem seja o governante. N\u00e3o estou numa disputa pol\u00edtica nem formalizando alian\u00e7as. Estou querendo que Sergipe cres\u00e7a e propicie melhores condi\u00e7\u00f5es de vida para todos os sergipanos.<\/p>\n<p style=\"text-align: justify;\"><strong>CN:<\/strong> Qual a possibilidade do DEM e PMDB estarem juntos em 2014?<\/p>\n<p style=\"text-align: justify;\"><strong>MP:<\/strong> N\u00e3o estamos pensando em 2014. A hora \u00e9 de pensar na gest\u00e3o p\u00fablica e trabalhar para corresponder \u00e0s expectativas da popula\u00e7\u00e3o.<\/p>\n<p style=\"text-align: justify;\"><strong>CN:<\/strong> Para a presid\u00eancia da C\u00e2mara de Aracaju, quem o senhor defende?<\/p>\n<p style=\"text-align: justify;\">MP: Eu n\u00e3o vou me envolver nessa quest\u00e3o. Trata-se de um assunto que deve ser discutido pelos vereadores eleitos.<\/p>\n<p style=\"text-align: justify;\"><strong>CN:<\/strong> Sobre a elei\u00e7\u00e3o na Assembleia que elegeu Susana conselheira, qual sua opini\u00e3o?<\/p>\n<p style=\"text-align: justify;\"><strong>MP:<\/strong> Esse tamb\u00e9m \u00e9 um assunto que n\u00e3o cabe a mim fazer avalia\u00e7\u00f5es. A escolha conforme a legisla\u00e7\u00e3o em vigor, cabe aos deputados estaduais. Eu n\u00e3o posso emitir opini\u00e3o sobre as decis\u00f5es do parlamento estadual. Como deputado federal, tenho defendido a tese de acabar com as indica\u00e7\u00f5es pol\u00edticas para esses cargos, e instituir a escolha por concurso p\u00fablico. Acho que seja mais correto. Inclusive estou recolhendo assinaturas para colocar em pr\u00e1tica essa ideia atrav\u00e9s de uma mudan\u00e7a na Constitui\u00e7\u00e3o.<\/p>\n<p style=\"text-align: justify;\"><strong>CN:<\/strong> O senhor defende que a alian\u00e7a DEM\/PSC em 2012 se estenda at\u00e9 2014? Por qu\u00ea?<\/p>\n<p style=\"text-align: justify;\"><strong>MP:<\/strong> Por hip\u00f3tese alguma. Acho que foi um grande equ\u00edvoco.<\/p>\n<p style=\"text-align: justify;\"><strong>CN:<\/strong> \u00c9 verdade que seu nome pode ser indicado ao Senado em 2014 numa alian\u00e7a do DEM com Amorim ou Jackson?<\/p>\n<p style=\"text-align: justify;\"><strong>MP:<\/strong> N\u00e3o estou pensando em elei\u00e7\u00e3o. O meu pensamento est\u00e1 voltado para o mandato que exer\u00e7o atualmente, outorgado pelo querido povo sergipano. 2014 est\u00e1 longe. Eu vivo o presente.<\/p>\n","protected":false},"excerpt":{"rendered":"<p>Reda\u00e7\u00e3o &#8211;\u00a0Caju News Oposicionista ao governo petista de Marcelo D\u00e9da, o deputado federal Mendon\u00e7a Prado (DEM\/SE) \u201csurpreendeu\u201d o grupo pol\u00edtico liderado pelo governador Marcelo D\u00e9da, ao defender nas redes sociais o empr\u00e9stimo de R$ 727 milh\u00f5es ao Estado de Sergipe pelo Governo Federal. Os recursos s\u00e3o oriundos do Programa de Apoio ao Investimento dos Estados [&hellip;]<\/p>\n","protected":false},"author":1,"featured_media":38153,"comment_status":"closed","ping_status":"closed","sticky":false,"template":"","format":"standard","meta":{"footnotes":""},"categories":[6],"tags":[],"class_list":{"0":"post-40673","1":"post","2":"type-post","3":"status-publish","4":"format-standard","5":"has-post-thumbnail","7":"category-politica"},"_links":{"self":[{"href":"https:\/\/senoticias.com.br\/se\/wp-json\/wp\/v2\/posts\/40673"}],"collection":[{"href":"https:\/\/senoticias.com.br\/se\/wp-json\/wp\/v2\/posts"}],"about":[{"href":"https:\/\/senoticias.com.br\/se\/wp-json\/wp\/v2\/types\/post"}],"author":[{"embeddable":true,"href":"https:\/\/senoticias.com.br\/se\/wp-json\/wp\/v2\/users\/1"}],"replies":[{"embeddable":true,"href":"https:\/\/senoticias.com.br\/se\/wp-json\/wp\/v2\/comments?post=40673"}],"version-history":[{"count":0,"href":"https:\/\/senoticias.com.br\/se\/wp-json\/wp\/v2\/posts\/40673\/revisions"}],"wp:featuredmedia":[{"embeddable":true,"href":"https:\/\/senoticias.com.br\/se\/wp-json\/wp\/v2\/media\/38153"}],"wp:attachment":[{"href":"https:\/\/senoticias.com.br\/se\/wp-json\/wp\/v2\/media?parent=40673"}],"wp:term":[{"taxonomy":"category","embeddable":true,"href":"https:\/\/senoticias.com.br\/se\/wp-json\/wp\/v2\/categories?post=40673"},{"taxonomy":"post_tag","embeddable":true,"href":"https:\/\/senoticias.com.br\/se\/wp-json\/wp\/v2\/tags?post=40673"}],"curies":[{"name":"wp","href":"https:\/\/api.w.org\/{rel}","templated":true}]}}