{"id":40653,"date":"2012-11-01T12:51:29","date_gmt":"2012-11-01T15:51:29","guid":{"rendered":"http:\/\/senoticias.com.br\/se\/?p=40653"},"modified":"2012-11-01T12:56:41","modified_gmt":"2012-11-01T15:56:41","slug":"arquidiocese-divulga-programa-do-dia-de-finados","status":"publish","type":"post","link":"https:\/\/senoticias.com.br\/se\/arquidiocese-divulga-programa-do-dia-de-finados\/","title":{"rendered":"Arquidiocese divulga programa do Dia de Finados"},"content":{"rendered":"<p style=\"text-align: justify;\">Fi\u00e9is costumam aceder velas para os familiares que j\u00e1 partiram<\/p>\n<p style=\"text-align: justify;\">A Arquidiocese de Aracaju j\u00e1 divulgou a programa\u00e7\u00e3o das missas que ser\u00e3o realizadas no Dia de Finados. As celebra\u00e7\u00f5es acontecer\u00e3o em seis cemit\u00e9rios da capital. Segundo o padre Manoel Barbosa, a data representa para a Igreja Cat\u00f3lica celebra\u00e7\u00e3o da vida e n\u00e3o da morte.<\/p>\n<p style=\"text-align: justify;\">As celebra\u00e7\u00f5es acontecer\u00e3o nos cemit\u00e9rios a partir das 7h desta sexta-feira, 2. O padre Manoel Barbosa afirma que o momento \u00e9 marcado pela comunh\u00e3o e solidariedade. \u201cA igreja se solidariza com aqueles que j\u00e1 terminaram sua miss\u00e3o neste mundo, por isso \u00e9 um momento de solidariedade e comunh\u00e3o\u201d,ressalta o padre Manoel Barbosa.<\/p>\n<p style=\"text-align: justify;\">Os fi\u00e9is costumavam nesta data acender velas para os familiares que j\u00e1 partiram, segundo o padre Manoel Barbosa, a vela acessa representa a ressurrei\u00e7\u00e3o de Cristo. \u201cQue os fi\u00e9is possam neste dia acompanhar a nossa programa\u00e7\u00e3o com as missas e n\u00e3o se abater pela morte permanecendo fortalecidos pela f\u00e9 no cristo ressuscitado\u201d, convida.<\/p>\n<p style=\"text-align: justify;\"><strong>Confira a programa\u00e7\u00e3o das missas nos cemit\u00e9rios:<\/strong><\/p>\n<p style=\"text-align: justify;\"><strong>Cemit\u00e9rio S\u00e3o Benedito<\/strong><\/p>\n<p style=\"text-align: justify;\">7h \u2013 Pe. Hernani Romero<br \/>\n8h30- Frei Jonaldo Adelino<br \/>\n11h- Dom Jos\u00e9 Palmeira Lessa \u2013 (Arcebispo de Aracaju)<br \/>\n14h30 &#8211; Pe. Moises Bispo<br \/>\n16h30- Pe. Fl\u00e1vio Negromonte<\/p>\n<p style=\"text-align: justify;\"><strong>Cemit\u00e9rio Santa Isabel<\/strong><\/p>\n<p style=\"text-align: justify;\">7h \u2013 Pe. Marcelo Concei\u00e7\u00e3o<br \/>\n9h \u2013 Pe. Paulo Lima<br \/>\n10h30h- Pe. Wiliame Barreto<br \/>\n15h- Pe. Rogerio de Jesus<br \/>\n16h30 &#8211; Pe. Adeilson Almeida<\/p>\n<p style=\"text-align: justify;\"><strong>Cemit\u00e9rio S\u00e3o Jo\u00e3o Batista<\/strong><\/p>\n<p style=\"text-align: justify;\">7h \u2013 Pe. Francisco Hanuszewiec<br \/>\n9h- Dom Henrique Soares \u2013 Bispo Auxiliar de Aracaju<br \/>\n11h\u2013 Pe. Jos\u00e9 Bernardino<br \/>\n15h\u2013 Dom Jos\u00e9 Palmeira Lessa \u2013 Arcebispo Metropolitano de Aracaju<br \/>\n16h30\u2013Frei Flor\u00eancio Pecorari<\/p>\n<p style=\"text-align: justify;\"><strong>Cemit\u00e9rio Colina da Saudade<\/strong><\/p>\n<p style=\"text-align: justify;\">9h30\u2013 Pe. Ant\u00f4nio Peixoto<br \/>\n16h\u2013 Pe. Ant\u00f4nio Peixoto<\/p>\n<p style=\"text-align: justify;\"><strong>Cemit\u00e9rio Atalaia<\/strong><\/p>\n<p style=\"text-align: justify;\">8h\u2013 Pe. Gen\u00e1rio de Oliveira<br \/>\n11h- Pe. Hernani Romero<br \/>\n16h\u2013 Pe. Anderson Pina<\/p>\n<p style=\"text-align: justify;\"><strong>Cemit\u00e9rio Cruz Vermelha<\/strong><\/p>\n<p style=\"text-align: justify;\">7h\u2013 Pe. Jos\u00e9 Horacio<br \/>\n9h\u2013 Pe. Lucivaldo Ribeiro<br \/>\n11h- Pe. Jos\u00e9 Enaldo<br \/>\n15h\u2013 Pe. Genivaldo Garcia<br \/>\n16h30\u2013Pe. Manoel Barbosa<\/p>\n<p style=\"text-align: justify;\"><strong>Cemit\u00e9rio do ABC<\/strong><\/p>\n<p style=\"text-align: justify;\">8h\u2013 Pe. Jos\u00e9 Almi<br \/>\n16h- Pe. Jos\u00e9 Almi<\/p>\n<p style=\"text-align: justify;\"><span style=\"color: #333333;\"><em><strong>Com informa\u00e7\u00f5es do Portal Infonet<\/strong><\/em><\/span><\/p>\n","protected":false},"excerpt":{"rendered":"<p>Fi\u00e9is costumam aceder velas para os familiares que j\u00e1 partiram A Arquidiocese de Aracaju j\u00e1 divulgou a programa\u00e7\u00e3o das missas que ser\u00e3o realizadas no Dia de Finados. As celebra\u00e7\u00f5es acontecer\u00e3o em seis cemit\u00e9rios da capital. Segundo o padre Manoel Barbosa, a data representa para a Igreja Cat\u00f3lica celebra\u00e7\u00e3o da vida e n\u00e3o da morte. As [&hellip;]<\/p>\n","protected":false},"author":1,"featured_media":0,"comment_status":"closed","ping_status":"closed","sticky":false,"template":"","format":"standard","meta":{"footnotes":""},"categories":[1],"tags":[],"class_list":{"0":"post-40653","1":"post","2":"type-post","3":"status-publish","4":"format-standard","6":"category-sem-categoria"},"_links":{"self":[{"href":"https:\/\/senoticias.com.br\/se\/wp-json\/wp\/v2\/posts\/40653"}],"collection":[{"href":"https:\/\/senoticias.com.br\/se\/wp-json\/wp\/v2\/posts"}],"about":[{"href":"https:\/\/senoticias.com.br\/se\/wp-json\/wp\/v2\/types\/post"}],"author":[{"embeddable":true,"href":"https:\/\/senoticias.com.br\/se\/wp-json\/wp\/v2\/users\/1"}],"replies":[{"embeddable":true,"href":"https:\/\/senoticias.com.br\/se\/wp-json\/wp\/v2\/comments?post=40653"}],"version-history":[{"count":0,"href":"https:\/\/senoticias.com.br\/se\/wp-json\/wp\/v2\/posts\/40653\/revisions"}],"wp:attachment":[{"href":"https:\/\/senoticias.com.br\/se\/wp-json\/wp\/v2\/media?parent=40653"}],"wp:term":[{"taxonomy":"category","embeddable":true,"href":"https:\/\/senoticias.com.br\/se\/wp-json\/wp\/v2\/categories?post=40653"},{"taxonomy":"post_tag","embeddable":true,"href":"https:\/\/senoticias.com.br\/se\/wp-json\/wp\/v2\/tags?post=40653"}],"curies":[{"name":"wp","href":"https:\/\/api.w.org\/{rel}","templated":true}]}}