{"id":40651,"date":"2012-11-01T12:15:30","date_gmt":"2012-11-01T15:15:30","guid":{"rendered":"http:\/\/senoticias.com.br\/se\/?p=40651"},"modified":"2012-11-03T11:24:32","modified_gmt":"2012-11-03T14:24:32","slug":"tudo-pronto-para-o-acolhimento-dos-alunos-da-rede-estadual-que-farao-o-enem","status":"publish","type":"post","link":"https:\/\/senoticias.com.br\/se\/tudo-pronto-para-o-acolhimento-dos-alunos-da-rede-estadual-que-farao-o-enem\/","title":{"rendered":"Tudo pronto para o acolhimento dos alunos da rede estadual que far\u00e3o o Enem"},"content":{"rendered":"<p>&nbsp;<\/p>\n<div id=\"attachment_40660\" style=\"width: 310px\" class=\"wp-caption alignleft\"><a href=\"http:\/\/senoticias.com.br\/se\/wp-content\/uploads\/2012\/11\/SEED.jpg\"><img loading=\"lazy\" decoding=\"async\" aria-describedby=\"caption-attachment-40660\" class=\"size-medium wp-image-40660\" title=\"SEED\" src=\"http:\/\/senoticias.com.br\/se\/wp-content\/uploads\/2012\/11\/SEED-300x199.jpg\" alt=\"\" width=\"300\" height=\"199\" srcset=\"https:\/\/senoticias.com.br\/se\/wp-content\/uploads\/2012\/11\/SEED-300x199.jpg 300w, https:\/\/senoticias.com.br\/se\/wp-content\/uploads\/2012\/11\/SEED-342x227.jpg 342w, https:\/\/senoticias.com.br\/se\/wp-content\/uploads\/2012\/11\/SEED.jpg 800w\" sizes=\"(max-width: 300px) 100vw, 300px\" \/><\/a><p id=\"caption-attachment-40660\" class=\"wp-caption-text\">Foto: Jos\u00e9 Santana Filho\/Seed<\/p><\/div>\n<p style=\"text-align: justify;\">J\u00e1 est\u00e1 tudo pronto para o acolhimento dos alunos da rede estadual que ser\u00e3o submetidos \u00e0 prova do Exame Nacional de Ensino M\u00e9dio (Enem), neste s\u00e1bado, 3, e domingo, 4. O Governo de Sergipe, atrav\u00e9s da Secretaria de Estado da Educa\u00e7\u00e3o, vai disponibilizar transporte e distribuir \u00e1gua e um kit com l\u00e1pis, borracha e caneta para os alunos. Os professores da rede tamb\u00e9m est\u00e3o mobilizados para ficar nos locais das provas, dando incentivo aos alunos e palavras de apoio, demonstrando confian\u00e7a no sucesso de todos. O Enem serve de porta de entrada para a Universidade Federal de Sergipe (UFS).<\/p>\n<p style=\"text-align: justify;\">Em Sergipe, as provas do Enem v\u00e3o iniciar ao meio-dia e prosseguir\u00e3o at\u00e9 as 17h3, em 27 dos 75 munic\u00edpios. Ser\u00e3o 184 locais de prova. A orienta\u00e7\u00e3o \u00e9 que o aluno chegue com uma hora de anteced\u00eancia da prova para evitar contratempos.<\/p>\n<p style=\"text-align: justify;\">Desde a \u00faltima segunda-feira, 29, os alunos da rede estadual est\u00e3o participando das revis\u00f5es dos conte\u00fados das disciplinas exigidas no exame. As aulas ocorrem a partir das 15h, na quadra do Col\u00e9gio Estadual Dom Luciano, e v\u00e3o at\u00e9 as 21h desta quinta-feira, 1\u00ba de novembro.<\/p>\n<p style=\"text-align: justify;\">Para os vestibulandos com defici\u00eancia auditiva, a Seed disponibiliza int\u00e9rpretes de Libras, L\u00edngua Brasileira de Sinais, como aux\u00edlio para que os alunos tenham entendimento dos conte\u00fados abordados em sala de aula.<\/p>\n<p style=\"text-align: justify;\">Segundo a coordenadora administrativa do programa Pr\u00e9-Universit\u00e1rio da Seed, Gilv\u00e2nia Guimar\u00e3es, cada um dos polos do programa espalhados pelo Estado est\u00e1 organizando suas aulas de refor\u00e7o. &#8220;A revis\u00e3o no Dom Luciano re\u00fane alunos de todos os polos do Pr\u00e9-Universit\u00e1rio da grande Aracaju, mas cada polo do interior tamb\u00e9m \u00e9 respons\u00e1vel por organizar a revis\u00e3o para seus alunos. A Seed garante o material para os estudantes, elaborado pelos professores e revisado de acordo com as diretrizes curriculares do Enem. O objetivo \u00e9 aproximar nossos alunos da metodologia de prova que, neste ano, passar\u00e1 a ser o processo seletivo de ingresso \u00e0 UFS&#8221;, diz a coordenadora.<\/p>\n<p style=\"text-align: justify;\"><strong>Prepara\u00e7\u00e3o<\/strong><\/p>\n<p style=\"text-align: justify;\">Para preparar os alunos da rede estadual para o Enem, o Governo de Sergipe, atrav\u00e9s da Seed, promoveu ao longo deste ano simulad\u00f5es, encontros pedag\u00f3gicos com os professores, palestras sobre os cursos da UFS, aquisi\u00e7\u00e3o de dicion\u00e1rios, al\u00e9m das revis\u00f5es. O Governo tamb\u00e9m oferece ao aluno da rede p\u00fablica o curso Pr\u00e9-Universit\u00e1rio que atua em 39 polos, distribu\u00eddos em 21 munic\u00edpios, ofertando um total de 6.175 vagas.<\/p>\n<p style=\"text-align: justify;\"><strong>Dicas<\/strong><\/p>\n<p style=\"text-align: justify;\">O aluno que vai fazer o Enem deve ficar ligado nas dicas do Minist\u00e9rio da Educa\u00e7\u00e3o. Clique <strong><a href=\" http:\/\/www.seed.se.gov.br\/enem_2012_infograf.asp\" target=\"_blank\">aqui<\/a><\/strong> e veja as dicas do MEC.<\/p>\n<p style=\"text-align: justify;\"><em><strong>Ascom\/Seed<\/strong><\/em><\/p>\n","protected":false},"excerpt":{"rendered":"<p>&nbsp; J\u00e1 est\u00e1 tudo pronto para o acolhimento dos alunos da rede estadual que ser\u00e3o submetidos \u00e0 prova do Exame Nacional de Ensino M\u00e9dio (Enem), neste s\u00e1bado, 3, e domingo, 4. O Governo de Sergipe, atrav\u00e9s da Secretaria de Estado da Educa\u00e7\u00e3o, vai disponibilizar transporte e distribuir \u00e1gua e um kit com l\u00e1pis, borracha e [&hellip;]<\/p>\n","protected":false},"author":1,"featured_media":40660,"comment_status":"closed","ping_status":"closed","sticky":false,"template":"","format":"standard","meta":{"footnotes":""},"categories":[44,26],"tags":[],"class_list":{"0":"post-40651","1":"post","2":"type-post","3":"status-publish","4":"format-standard","5":"has-post-thumbnail","7":"category-educacao","8":"category-esportes"},"_links":{"self":[{"href":"https:\/\/senoticias.com.br\/se\/wp-json\/wp\/v2\/posts\/40651"}],"collection":[{"href":"https:\/\/senoticias.com.br\/se\/wp-json\/wp\/v2\/posts"}],"about":[{"href":"https:\/\/senoticias.com.br\/se\/wp-json\/wp\/v2\/types\/post"}],"author":[{"embeddable":true,"href":"https:\/\/senoticias.com.br\/se\/wp-json\/wp\/v2\/users\/1"}],"replies":[{"embeddable":true,"href":"https:\/\/senoticias.com.br\/se\/wp-json\/wp\/v2\/comments?post=40651"}],"version-history":[{"count":0,"href":"https:\/\/senoticias.com.br\/se\/wp-json\/wp\/v2\/posts\/40651\/revisions"}],"wp:featuredmedia":[{"embeddable":true,"href":"https:\/\/senoticias.com.br\/se\/wp-json\/wp\/v2\/media\/40660"}],"wp:attachment":[{"href":"https:\/\/senoticias.com.br\/se\/wp-json\/wp\/v2\/media?parent=40651"}],"wp:term":[{"taxonomy":"category","embeddable":true,"href":"https:\/\/senoticias.com.br\/se\/wp-json\/wp\/v2\/categories?post=40651"},{"taxonomy":"post_tag","embeddable":true,"href":"https:\/\/senoticias.com.br\/se\/wp-json\/wp\/v2\/tags?post=40651"}],"curies":[{"name":"wp","href":"https:\/\/api.w.org\/{rel}","templated":true}]}}