{"id":40649,"date":"2012-11-01T12:04:10","date_gmt":"2012-11-01T15:04:10","guid":{"rendered":"http:\/\/senoticias.com.br\/se\/?p=40649"},"modified":"2012-11-01T16:31:30","modified_gmt":"2012-11-01T19:31:30","slug":"montador-de-moveis-e-assassinado-em-tobias-barreto","status":"publish","type":"post","link":"https:\/\/senoticias.com.br\/se\/montador-de-moveis-e-assassinado-em-tobias-barreto\/","title":{"rendered":"Montador de M\u00f3veis \u00e9 assassinado em Tobias Barreto"},"content":{"rendered":"<p>&nbsp;<\/p>\n<div id=\"attachment_40665\" style=\"width: 310px\" class=\"wp-caption alignleft\"><a href=\"http:\/\/senoticias.com.br\/se\/wp-content\/uploads\/2012\/11\/1.jpg\"><img loading=\"lazy\" decoding=\"async\" aria-describedby=\"caption-attachment-40665\" class=\"size-medium wp-image-40665\" title=\"1\" src=\"http:\/\/senoticias.com.br\/se\/wp-content\/uploads\/2012\/11\/1-300x225.jpg\" alt=\"\" width=\"300\" height=\"225\" srcset=\"https:\/\/senoticias.com.br\/se\/wp-content\/uploads\/2012\/11\/1-300x225.jpg 300w, https:\/\/senoticias.com.br\/se\/wp-content\/uploads\/2012\/11\/1-342x256.jpg 342w, https:\/\/senoticias.com.br\/se\/wp-content\/uploads\/2012\/11\/1-60x45.jpg 60w, https:\/\/senoticias.com.br\/se\/wp-content\/uploads\/2012\/11\/1-150x113.jpg 150w, https:\/\/senoticias.com.br\/se\/wp-content\/uploads\/2012\/11\/1-269x201.jpg 269w, https:\/\/senoticias.com.br\/se\/wp-content\/uploads\/2012\/11\/1.jpg 600w\" sizes=\"(max-width: 300px) 100vw, 300px\" \/><\/a><p id=\"caption-attachment-40665\" class=\"wp-caption-text\">Foto: Gilson Ramos. (Gataamarrada)<\/p><\/div>\n<p style=\"text-align: justify;\">O fato aconteceu na manh\u00e3 desta quinta-feira(01), por volta das 8hs, na rua Jos\u00e9 Rodrigues Sobrinho, localizada no fundo do Espa\u00e7o \u00c1guia no bairro Santa Rita em Tobias Barreto.<\/p>\n<p style=\"text-align: justify;\">Segundo informa\u00e7\u00f5es um indiv\u00edduo ainda n\u00e3o identificado, efetuou v\u00e1rios disparos com arma calibre 38 contra Aldeney da Silva Adorno, 37 anos, conhecido como &#8220;Elder&#8221; que trabalha como montador de m\u00f3veis em uma loja muito conhecida da cidade.<\/p>\n<p style=\"text-align: justify;\">Elder era separado da mulher e pai de dois filhos, e mantinha um relacionamento s\u00e9rio com uma jovem. Informa\u00e7\u00f5es preliminares d\u00e3o conta que ele teria sacado uma boa quantidade de dinheiro para fazer compras na cidade de Feira de Santana.<\/p>\n<p style=\"text-align: justify;\">A pol\u00edcia Militar esteve no local minutos depois, isolou a \u00e1rea e deu in\u00edcio as investiga\u00e7\u00f5es e buscas pela regi\u00e3o. A PM suspeita de latroc\u00ednio (roubo seguido de morte).<\/p>\n<p style=\"text-align: justify;\"><em><strong>Portal Lagartense<\/strong><\/em><\/p>\n","protected":false},"excerpt":{"rendered":"<p>&nbsp; O fato aconteceu na manh\u00e3 desta quinta-feira(01), por volta das 8hs, na rua Jos\u00e9 Rodrigues Sobrinho, localizada no fundo do Espa\u00e7o \u00c1guia no bairro Santa Rita em Tobias Barreto. Segundo informa\u00e7\u00f5es um indiv\u00edduo ainda n\u00e3o identificado, efetuou v\u00e1rios disparos com arma calibre 38 contra Aldeney da Silva Adorno, 37 anos, conhecido como &#8220;Elder&#8221; que [&hellip;]<\/p>\n","protected":false},"author":1,"featured_media":40665,"comment_status":"closed","ping_status":"closed","sticky":false,"template":"","format":"standard","meta":{"footnotes":""},"categories":[7],"tags":[],"class_list":{"0":"post-40649","1":"post","2":"type-post","3":"status-publish","4":"format-standard","5":"has-post-thumbnail","7":"category-policia"},"_links":{"self":[{"href":"https:\/\/senoticias.com.br\/se\/wp-json\/wp\/v2\/posts\/40649"}],"collection":[{"href":"https:\/\/senoticias.com.br\/se\/wp-json\/wp\/v2\/posts"}],"about":[{"href":"https:\/\/senoticias.com.br\/se\/wp-json\/wp\/v2\/types\/post"}],"author":[{"embeddable":true,"href":"https:\/\/senoticias.com.br\/se\/wp-json\/wp\/v2\/users\/1"}],"replies":[{"embeddable":true,"href":"https:\/\/senoticias.com.br\/se\/wp-json\/wp\/v2\/comments?post=40649"}],"version-history":[{"count":0,"href":"https:\/\/senoticias.com.br\/se\/wp-json\/wp\/v2\/posts\/40649\/revisions"}],"wp:featuredmedia":[{"embeddable":true,"href":"https:\/\/senoticias.com.br\/se\/wp-json\/wp\/v2\/media\/40665"}],"wp:attachment":[{"href":"https:\/\/senoticias.com.br\/se\/wp-json\/wp\/v2\/media?parent=40649"}],"wp:term":[{"taxonomy":"category","embeddable":true,"href":"https:\/\/senoticias.com.br\/se\/wp-json\/wp\/v2\/categories?post=40649"},{"taxonomy":"post_tag","embeddable":true,"href":"https:\/\/senoticias.com.br\/se\/wp-json\/wp\/v2\/tags?post=40649"}],"curies":[{"name":"wp","href":"https:\/\/api.w.org\/{rel}","templated":true}]}}