{"id":40646,"date":"2012-11-01T11:49:14","date_gmt":"2012-11-01T14:49:14","guid":{"rendered":"http:\/\/senoticias.com.br\/se\/?p=40646"},"modified":"2012-11-03T05:31:50","modified_gmt":"2012-11-03T08:31:50","slug":"belivaldo-impetra-mandado-de-seguranca-contra-eleicao-de-susana-para-o-tribunal-de-contas","status":"publish","type":"post","link":"https:\/\/senoticias.com.br\/se\/belivaldo-impetra-mandado-de-seguranca-contra-eleicao-de-susana-para-o-tribunal-de-contas\/","title":{"rendered":"Belivaldo impetra Mandado de Seguran\u00e7a contra elei\u00e7\u00e3o de Susana para o TCE"},"content":{"rendered":"<p>&nbsp;<\/p>\n<p><em><strong>por NE NOT\u00cdCIAS, da reda\u00e7\u00e3o<\/strong><\/em><\/p>\n<div id=\"attachment_40062\" style=\"width: 310px\" class=\"wp-caption alignleft\"><a href=\"http:\/\/senoticias.com.br\/se\/wp-content\/uploads\/2012\/10\/Belivaldo.jpg\"><img loading=\"lazy\" decoding=\"async\" aria-describedby=\"caption-attachment-40062\" class=\"size-medium wp-image-40062\" title=\"Belivaldo\" src=\"http:\/\/senoticias.com.br\/se\/wp-content\/uploads\/2012\/10\/Belivaldo-300x150.jpg\" alt=\"\" width=\"300\" height=\"150\" srcset=\"https:\/\/senoticias.com.br\/se\/wp-content\/uploads\/2012\/10\/Belivaldo-300x150.jpg 300w, https:\/\/senoticias.com.br\/se\/wp-content\/uploads\/2012\/10\/Belivaldo.jpg 318w\" sizes=\"(max-width: 300px) 100vw, 300px\" \/><\/a><p id=\"caption-attachment-40062\" class=\"wp-caption-text\">Belivaldo Chagas. (Foto: Reprodu\u00e7\u00e3o)<\/p><\/div>\n<p style=\"text-align: justify;\">O secret\u00e1rio de Estado da Educa\u00e7\u00e3o, Belivaldo Chagas, impetrou Mandado de Seguran\u00e7a contra a elei\u00e7\u00e3o, na Assembleia Legislativa, da deputada Susana Azevedo (PSC) para o Tribunal de Contas do Estado.<\/p>\n<p style=\"text-align: justify;\">Derrotado por 15 a 9, Belivaldo alega que a vota\u00e7\u00e3o tinha que ser aberta e que Gilmar Carvalho (PR) n\u00e3o podia ter votado, &#8220;por ter interesse direto na vit\u00f3ria&#8221; de Susana para o tribunal.<\/p>\n<p>A desembargadora Geni Schuster analisa o MS de Belivaldo.<\/p>\n","protected":false},"excerpt":{"rendered":"<p>&nbsp; por NE NOT\u00cdCIAS, da reda\u00e7\u00e3o O secret\u00e1rio de Estado da Educa\u00e7\u00e3o, Belivaldo Chagas, impetrou Mandado de Seguran\u00e7a contra a elei\u00e7\u00e3o, na Assembleia Legislativa, da deputada Susana Azevedo (PSC) para o Tribunal de Contas do Estado. Derrotado por 15 a 9, Belivaldo alega que a vota\u00e7\u00e3o tinha que ser aberta e que Gilmar Carvalho (PR) [&hellip;]<\/p>\n","protected":false},"author":1,"featured_media":40062,"comment_status":"closed","ping_status":"closed","sticky":false,"template":"","format":"standard","meta":{"footnotes":""},"categories":[6],"tags":[],"class_list":{"0":"post-40646","1":"post","2":"type-post","3":"status-publish","4":"format-standard","5":"has-post-thumbnail","7":"category-politica"},"_links":{"self":[{"href":"https:\/\/senoticias.com.br\/se\/wp-json\/wp\/v2\/posts\/40646"}],"collection":[{"href":"https:\/\/senoticias.com.br\/se\/wp-json\/wp\/v2\/posts"}],"about":[{"href":"https:\/\/senoticias.com.br\/se\/wp-json\/wp\/v2\/types\/post"}],"author":[{"embeddable":true,"href":"https:\/\/senoticias.com.br\/se\/wp-json\/wp\/v2\/users\/1"}],"replies":[{"embeddable":true,"href":"https:\/\/senoticias.com.br\/se\/wp-json\/wp\/v2\/comments?post=40646"}],"version-history":[{"count":0,"href":"https:\/\/senoticias.com.br\/se\/wp-json\/wp\/v2\/posts\/40646\/revisions"}],"wp:featuredmedia":[{"embeddable":true,"href":"https:\/\/senoticias.com.br\/se\/wp-json\/wp\/v2\/media\/40062"}],"wp:attachment":[{"href":"https:\/\/senoticias.com.br\/se\/wp-json\/wp\/v2\/media?parent=40646"}],"wp:term":[{"taxonomy":"category","embeddable":true,"href":"https:\/\/senoticias.com.br\/se\/wp-json\/wp\/v2\/categories?post=40646"},{"taxonomy":"post_tag","embeddable":true,"href":"https:\/\/senoticias.com.br\/se\/wp-json\/wp\/v2\/tags?post=40646"}],"curies":[{"name":"wp","href":"https:\/\/api.w.org\/{rel}","templated":true}]}}