{"id":40643,"date":"2012-11-01T06:49:47","date_gmt":"2012-11-01T09:49:47","guid":{"rendered":"http:\/\/senoticias.com.br\/se\/?p=40643"},"modified":"2013-05-18T12:57:09","modified_gmt":"2013-05-18T15:57:09","slug":"substituicao-de-candidatos-de-ultima-hora-e-ilicito-decide-tre-sp","status":"publish","type":"post","link":"https:\/\/senoticias.com.br\/se\/substituicao-de-candidatos-de-ultima-hora-e-ilicito-decide-tre-sp\/","title":{"rendered":"TRE-SP considera ilegal substitui\u00e7\u00e3o de candidato \u00e0s v\u00e9speras de elei\u00e7\u00f5es"},"content":{"rendered":"<p style=\"text-align: justify;\"><a href=\"  http:\/\/www.cartacapital.com.br\/politica\/tre-sp-considera-ilegal-substituicao-de-candidato-as-vesperas-de-eleicoes\/\" target=\"_blank\"><strong>Da Reda\u00e7\u00e3o &#8211; Carta Capital<\/strong><\/a><\/p>\n<div id=\"attachment_40659\" style=\"width: 197px\" class=\"wp-caption alignleft\"><a href=\"http:\/\/senoticias.com.br\/se\/wp-content\/uploads\/2012\/11\/ficha-limpa-187x300.jpg\"><img loading=\"lazy\" decoding=\"async\" aria-describedby=\"caption-attachment-40659\" class=\"size-full wp-image-40659\" title=\"ficha-limpa-187x300\" src=\"http:\/\/senoticias.com.br\/se\/wp-content\/uploads\/2012\/11\/ficha-limpa-187x300.jpg\" alt=\"\" width=\"187\" height=\"300\" \/><\/a><p id=\"caption-attachment-40659\" class=\"wp-caption-text\">Foto: Fabio Rodrigues Pozzebom\/ABr<\/p><\/div>\n<p style=\"text-align: justify;\">O Tribunal Regional Eleitoral de S\u00e3o Paulo (TRE) entendeu na <strong>quarta-feira 30 ser il\u00edcita<\/strong> a substitui\u00e7\u00e3o de \u00faltima hora de candidato devido \u00e0 aplica\u00e7\u00e3o da Lei da Ficha Limpa, seguindo a decis\u00e3o da Procuradoria Regional Eleitoral (PRE-SP). O \u00f3rg\u00e3o analisava o caso de Maria de Lurdes Teodoro dos Santos Lima (PMDB), candidata \u00e0 Prefeitura de Euclides da Cunha Paulista, substitu\u00edda por sua filha Camila Teodoro Nic\u00e1cio de Lima menos de 12 horas antes da elei\u00e7\u00e3o de 7 de outubro.<\/p>\n<p style=\"text-align: justify;\">A peemedebista foi considerada ineleg\u00edvel por ter sido condenada em segunda inst\u00e2ncia em a\u00e7\u00e3o de improbidade administrativa, mas manteve a campanha porque seu recurso no Tribunal Superior Eleitoral n\u00e3o havia sido analisado em definitivo. <strong>Um dia antes das elei\u00e7\u00f5es, \u00e0s 18h04<\/strong>, no entanto, ela pleiteou sua substitui\u00e7\u00e3o pela filha, que acabou eleita sem ter ao menos sua foto na urna eletr\u00f4nica.<\/p>\n<p style=\"text-align: justify;\">Em primeira inst\u00e2ncia o pedido das candidatas havia sido indeferido, o que foi confirmado pelo TRE. Segundo o Minist\u00e9rio P\u00fablico, a decis\u00e3o \u00e9 in\u00e9dita no per\u00edodo p\u00f3s-Ficha Limpa e pode servir de precedente para casos semelhantes em S\u00e3o Paulo, como em Paul\u00ednia. Ainda cabem recursos, mas o caso pode resultar na anula\u00e7\u00e3o dos votos da vencedora.<\/p>\n<p style=\"text-align: justify;\">A lei eleitoral prev\u00ea a possibilidade de um candidato ser substitu\u00eddo para os cargos majorit\u00e1rios sem definir um prazo espec\u00edfico para que isso ocorra. Decis\u00f5es anteriores \u00e0 aplica\u00e7\u00e3o da Ficha Limpa indicaram que o procedimento poderia ser requerido a qualquer momento antes da vota\u00e7\u00e3o. \u201cManter a vis\u00e3o tradicional de que n\u00e3o h\u00e1 prazo para substitui\u00e7\u00e3o permitiria que os barrados da Ficha Limpa, na pr\u00e1tica, continuassem no poder, colocando parentes ou pessoas pr\u00f3ximas como seus substitutos\u201d, disse o procurador regional eleitoral em S\u00e3o Paulo Andr\u00e9 de Carvalho Ramos, respons\u00e1vel pela decis\u00e3o.<\/p>\n<p style=\"text-align: justify;\">\u201cA surpresa e o desconhecimento \u00e9 a ant\u00edtese da escolha cidad\u00e3. Ren\u00fancia e substitui\u00e7\u00e3o nas v\u00e9speras representam condutas incompat\u00edveis com a Constitui\u00e7\u00e3o\u201d, completou.<\/p>\n<p style=\"text-align: justify;\"><strong><a href=\"http:\/\/www.presp.mpf.gov.br\/index.php?option=com_content&amp;view=article&amp;id=761:29102012-procuradoria-regional-eleitoral-em-sao-paulo-emite-parecer-contra-qdribleq-a-lei-da-ficha-limpa&amp;catid=1:notas&amp;Itemid=284 \" target=\"_blank\">Clique aqui \u00a0e veja \u00a0a mat\u00e9ria sobre a decis\u00e3o do Procurador<\/a><\/strong><\/p>\n<p style=\"text-align: justify;\"><strong><em>SE Not\u00edcia com informa\u00e7\u00f5es da Carta Capital\u00a0<\/em><\/strong><\/p>\n","protected":false},"excerpt":{"rendered":"<p>Da Reda\u00e7\u00e3o &#8211; Carta Capital O Tribunal Regional Eleitoral de S\u00e3o Paulo (TRE) entendeu na quarta-feira 30 ser il\u00edcita a substitui\u00e7\u00e3o de \u00faltima hora de candidato devido \u00e0 aplica\u00e7\u00e3o da Lei da Ficha Limpa, seguindo a decis\u00e3o da Procuradoria Regional Eleitoral (PRE-SP). O \u00f3rg\u00e3o analisava o caso de Maria de Lurdes Teodoro dos Santos Lima [&hellip;]<\/p>\n","protected":false},"author":1,"featured_media":40659,"comment_status":"closed","ping_status":"closed","sticky":false,"template":"","format":"standard","meta":{"footnotes":""},"categories":[15,38,6,3],"tags":[],"class_list":{"0":"post-40643","1":"post","2":"type-post","3":"status-publish","4":"format-standard","5":"has-post-thumbnail","7":"category-destaques","8":"category-municipios","9":"category-politica","10":"category-saocristovao"},"_links":{"self":[{"href":"https:\/\/senoticias.com.br\/se\/wp-json\/wp\/v2\/posts\/40643"}],"collection":[{"href":"https:\/\/senoticias.com.br\/se\/wp-json\/wp\/v2\/posts"}],"about":[{"href":"https:\/\/senoticias.com.br\/se\/wp-json\/wp\/v2\/types\/post"}],"author":[{"embeddable":true,"href":"https:\/\/senoticias.com.br\/se\/wp-json\/wp\/v2\/users\/1"}],"replies":[{"embeddable":true,"href":"https:\/\/senoticias.com.br\/se\/wp-json\/wp\/v2\/comments?post=40643"}],"version-history":[{"count":0,"href":"https:\/\/senoticias.com.br\/se\/wp-json\/wp\/v2\/posts\/40643\/revisions"}],"wp:featuredmedia":[{"embeddable":true,"href":"https:\/\/senoticias.com.br\/se\/wp-json\/wp\/v2\/media\/40659"}],"wp:attachment":[{"href":"https:\/\/senoticias.com.br\/se\/wp-json\/wp\/v2\/media?parent=40643"}],"wp:term":[{"taxonomy":"category","embeddable":true,"href":"https:\/\/senoticias.com.br\/se\/wp-json\/wp\/v2\/categories?post=40643"},{"taxonomy":"post_tag","embeddable":true,"href":"https:\/\/senoticias.com.br\/se\/wp-json\/wp\/v2\/tags?post=40643"}],"curies":[{"name":"wp","href":"https:\/\/api.w.org\/{rel}","templated":true}]}}