{"id":40579,"date":"2012-10-30T17:07:15","date_gmt":"2012-10-30T20:07:15","guid":{"rendered":"http:\/\/senoticias.com.br\/se\/?p=40579"},"modified":"2012-10-30T17:08:39","modified_gmt":"2012-10-30T20:08:39","slug":"acidente-deixa-motorista-ferido-em-estado-grave-na-br-101-em-laranjeiras-se","status":"publish","type":"post","link":"https:\/\/senoticias.com.br\/se\/acidente-deixa-motorista-ferido-em-estado-grave-na-br-101-em-laranjeiras-se\/","title":{"rendered":"Acidente deixa motorista ferido em estado grave na BR-101, em Laranjeiras, SE"},"content":{"rendered":"<div id=\"attachment_40580\" style=\"width: 235px\" class=\"wp-caption alignleft\"><a href=\"http:\/\/senoticias.com.br\/se\/wp-content\/uploads\/2012\/10\/Acidente1.jpg\"><img loading=\"lazy\" decoding=\"async\" aria-describedby=\"caption-attachment-40580\" class=\"size-medium wp-image-40580\" title=\"Acidente\" src=\"http:\/\/senoticias.com.br\/se\/wp-content\/uploads\/2012\/10\/Acidente1-225x300.jpg\" alt=\"\" width=\"225\" height=\"300\" srcset=\"https:\/\/senoticias.com.br\/se\/wp-content\/uploads\/2012\/10\/Acidente1-225x300.jpg 225w, https:\/\/senoticias.com.br\/se\/wp-content\/uploads\/2012\/10\/Acidente1.jpg 240w\" sizes=\"(max-width: 225px) 100vw, 225px\" \/><\/a><p id=\"caption-attachment-40580\" class=\"wp-caption-text\">O cidente envolveu dois caminh\u00f5es deixou uma pessoa gravemente ferida. (Foto: Cl\u00e1udio Salviano)<\/p><\/div>\n<p style=\"text-align: justify;\">O acidente aconteceu por volta das 10h30 desta ter\u00e7a-feira, 30, na altura do Km 74,2 da BR 101, pr\u00f3ximo ao Povoado Pedra Branca, em Laranjeiras\/SE. A v\u00edtima, Jos\u00e9 Paulo, natural de Colentina ES, conduzia o caminh\u00e3o de placas AZN-1157, carregado com PVC, quando bateu no fundo de \u00a0uma carreta.<\/p>\n<p style=\"text-align: justify;\">O impacto foi t\u00e3o violento que o caminhoneiro ficou preso entre as ferragens. Equipes do Corpo de Bombeiros tiveram muito trabalho e levaram cerca de duas horas para fazer o resgate. A colis\u00e3o entre os dois ve\u00edculos provocou um engavetamento de mais 6 carros, provocando apenas danos materiais.<\/p>\n<p style=\"text-align: justify;\">O motorista Jos\u00e9 Paulo foi encaminhado ao Hospital de Urg\u00eancia(HUSE), em estado delicado de sa\u00fade.<\/p>\n<p><span style=\"color: #333333;\"><em><strong>Por Evenilson Santana com informa\u00e7\u00f5es da Ouro Negro FM(94,7 FM)<\/strong><\/em><\/span><\/p>\n","protected":false},"excerpt":{"rendered":"<p>O acidente aconteceu por volta das 10h30 desta ter\u00e7a-feira, 30, na altura do Km 74,2 da BR 101, pr\u00f3ximo ao Povoado Pedra Branca, em Laranjeiras\/SE. A v\u00edtima, Jos\u00e9 Paulo, natural de Colentina ES, conduzia o caminh\u00e3o de placas AZN-1157, carregado com PVC, quando bateu no fundo de \u00a0uma carreta. O impacto foi t\u00e3o violento que [&hellip;]<\/p>\n","protected":false},"author":1,"featured_media":40580,"comment_status":"closed","ping_status":"closed","sticky":false,"template":"","format":"standard","meta":{"footnotes":""},"categories":[7],"tags":[253,251,254,252,255],"class_list":{"0":"post-40579","1":"post","2":"type-post","3":"status-publish","4":"format-standard","5":"has-post-thumbnail","7":"category-policia","8":"tag-acidente-deixa-motorista-ferido","9":"tag-acidente-em-laranjeiras","10":"tag-acidente-em-maruim","11":"tag-acidente-entre-caminhao-e-carreta","12":"tag-acidente-nesta-terca-feira"},"_links":{"self":[{"href":"https:\/\/senoticias.com.br\/se\/wp-json\/wp\/v2\/posts\/40579"}],"collection":[{"href":"https:\/\/senoticias.com.br\/se\/wp-json\/wp\/v2\/posts"}],"about":[{"href":"https:\/\/senoticias.com.br\/se\/wp-json\/wp\/v2\/types\/post"}],"author":[{"embeddable":true,"href":"https:\/\/senoticias.com.br\/se\/wp-json\/wp\/v2\/users\/1"}],"replies":[{"embeddable":true,"href":"https:\/\/senoticias.com.br\/se\/wp-json\/wp\/v2\/comments?post=40579"}],"version-history":[{"count":0,"href":"https:\/\/senoticias.com.br\/se\/wp-json\/wp\/v2\/posts\/40579\/revisions"}],"wp:featuredmedia":[{"embeddable":true,"href":"https:\/\/senoticias.com.br\/se\/wp-json\/wp\/v2\/media\/40580"}],"wp:attachment":[{"href":"https:\/\/senoticias.com.br\/se\/wp-json\/wp\/v2\/media?parent=40579"}],"wp:term":[{"taxonomy":"category","embeddable":true,"href":"https:\/\/senoticias.com.br\/se\/wp-json\/wp\/v2\/categories?post=40579"},{"taxonomy":"post_tag","embeddable":true,"href":"https:\/\/senoticias.com.br\/se\/wp-json\/wp\/v2\/tags?post=40579"}],"curies":[{"name":"wp","href":"https:\/\/api.w.org\/{rel}","templated":true}]}}