{"id":40574,"date":"2012-10-30T15:57:14","date_gmt":"2012-10-30T18:57:14","guid":{"rendered":"http:\/\/senoticias.com.br\/se\/?p=40574"},"modified":"2012-10-31T19:10:40","modified_gmt":"2012-10-31T22:10:40","slug":"%e2%80%9carrochando-nos-marajas%e2%80%9d-quinta-cultural-do-sindijus-sera-realizada-nesta-quinta-feira","status":"publish","type":"post","link":"https:\/\/senoticias.com.br\/se\/%e2%80%9carrochando-nos-marajas%e2%80%9d-quinta-cultural-do-sindijus-sera-realizada-nesta-quinta-feira\/","title":{"rendered":"\u201cArrochando nos Maraj\u00e1s\u201d: Quinta Cultural do SINDIJUS ser\u00e1 realizada nesta quinta"},"content":{"rendered":"<p>&nbsp;<\/p>\n<p style=\"text-align: justify;\"><a href=\"http:\/\/senoticias.com.br\/se\/wp-content\/uploads\/2012\/10\/Servidor.jpg\"><img loading=\"lazy\" decoding=\"async\" class=\"alignleft size-medium wp-image-40632\" title=\"Servidor\" src=\"http:\/\/senoticias.com.br\/se\/wp-content\/uploads\/2012\/10\/Servidor-300x104.jpg\" alt=\"\" width=\"300\" height=\"104\" srcset=\"https:\/\/senoticias.com.br\/se\/wp-content\/uploads\/2012\/10\/Servidor-300x104.jpg 300w, https:\/\/senoticias.com.br\/se\/wp-content\/uploads\/2012\/10\/Servidor-342x118.jpg 342w, https:\/\/senoticias.com.br\/se\/wp-content\/uploads\/2012\/10\/Servidor.jpg 480w\" sizes=\"(max-width: 300px) 100vw, 300px\" \/><\/a>Combinando a comemora\u00e7\u00e3o pelo Dia do Servidor P\u00fablico, ocorrido no \u00faltimo dia 28, e o andamento da luta dos servidores do Tribunal de Justi\u00e7a do Estado de Sergipe contra os Maraj\u00e1s nesse \u00f3rg\u00e3o, o Sindicato dos Servidores do Poder Judici\u00e1rio de Sergipe, SINDIJUS, realizar\u00e1 na pr\u00f3xima quinta-feira, dia 1\u00ba de novembro, a 10\u00aa Edi\u00e7\u00e3o do projeto Sexta Cultural, dessa vez, excepcionalmente, como Quinta Cultural. O evento ser\u00e1 iniciado \u00e0s 20h30, na sede cultural do sindicato, localizado na Rua Arau\u00e1, n\u00ba 168, Centro, em Aracaju e reunir\u00e1 num s\u00f3 ambiente: debates sobre os supersal\u00e1rios existentes no TJSE, exibi\u00e7\u00e3o de document\u00e1rio e apresenta\u00e7\u00f5es musicais.<\/p>\n<p style=\"text-align: justify;\">Nesta edi\u00e7\u00e3o, com o tema \u201cArrochando nos Maraj\u00e1s\u201d, ser\u00e1 exibido o document\u00e1rio \u201cVou Rifar Meu Cora\u00e7\u00e3o\u201d. O document\u00e1rio, que teve algumas cenas gravadas no interior de Sergipe, como Monte Alegre, por exemplo, retrata o imagin\u00e1rio rom\u00e2ntico e afetivo brasileiro a partir dos grandes nomes da m\u00fasica brega, como Jos\u00e9, Agnaldo Tim\u00f3teo, Waldick Soriano, Evaldo Braga, Nelson Ned, Amado Batista e Wando, entre outros. Em Vou Rifar Meu Cora\u00e7\u00e3o, dirigido por Ana Rieper, os temas das m\u00fasicas se relacionam com as hist\u00f3rias da vida amorosa de pessoas comuns, enfrentando o desafio de falar sobre a intimidade de pessoas reais, em situa\u00e7\u00f5es reais.<\/p>\n<p style=\"text-align: justify;\">Ap\u00f3s a exibi\u00e7\u00e3o do document\u00e1rio, haver\u00e1 a apresenta\u00e7\u00e3o do \u00edcone do arrocha sergipano, Nelton Pyter, cantando grandes sucessos do arrocha. E para encerrar a noite, o sarau do SINDIJUS ser\u00e1 comandado pelo m\u00fasico Rob\u00e9rio Muchacho.<\/p>\n<p style=\"text-align: justify;\"><strong>Arrochando nos Maraj\u00e1s<\/strong><\/p>\n<p style=\"text-align: justify;\">O tema desta edi\u00e7\u00e3o, \u201cArrochando nos Maraj\u00e1s\u201d, faz alus\u00e3o ao tema da Campanha Salarial que vem sendo organizada pelos servidores do Poder Judici\u00e1rio de Sergipe. A palavra \u201cMaraj\u00e1s\u201d representa as pessoas que recebem altos sal\u00e1rios dentro do Tribunal de Justi\u00e7a de Sergipe.<\/p>\n<p style=\"text-align: justify;\"><strong>Sexta Cultural<\/strong><\/p>\n<p style=\"text-align: justify;\">A Sexta Cultural \u00e9 um projeto do <strong>SINDIJUS<\/strong> que utiliza as artes e a cultura como elementos de reflex\u00e3o da realidade social dos trabalhadores. Uma das caracter\u00edsticas do projeto \u00e9 a valoriza\u00e7\u00e3o da cultura local. Em todas as edi\u00e7\u00f5es, o <strong>SINDIJUS<\/strong> abriu a casa dos trabalhadores do Tribunal de Justi\u00e7a para artistas sergipanos, como o grupo de chorinho Nosso Samba, Julico Andrade (da banda The Baggios), Chico Pitanga, Samba de Mo\u00e7a S\u00f3, F\u00e1bio Lima, entre outros.<\/p>\n<p style=\"text-align: justify;\">A atividade que integra trabalhadores do Judici\u00e1rio, sindicalistas, estudantes, movimentos sociais e a popula\u00e7\u00e3o em geral acontece a cada dois meses, mesclando arte, cultura e debates sobre temas de interesse da classe trabalhadora. Nesta edi\u00e7\u00e3o, excepcionalmente, a Sexta Cultural ser\u00e1 realizada numa quinta-feira, por conta do feriado do dia dois de novembro.<\/p>\n<p style=\"text-align: justify;\">Da Ag\u00eancia Voz<br \/>\nFoto: Reprodu\u00e7\u00e3o<\/p>\n","protected":false},"excerpt":{"rendered":"<p>&nbsp; Combinando a comemora\u00e7\u00e3o pelo Dia do Servidor P\u00fablico, ocorrido no \u00faltimo dia 28, e o andamento da luta dos servidores do Tribunal de Justi\u00e7a do Estado de Sergipe contra os Maraj\u00e1s nesse \u00f3rg\u00e3o, o Sindicato dos Servidores do Poder Judici\u00e1rio de Sergipe, SINDIJUS, realizar\u00e1 na pr\u00f3xima quinta-feira, dia 1\u00ba de novembro, a 10\u00aa Edi\u00e7\u00e3o [&hellip;]<\/p>\n","protected":false},"author":1,"featured_media":40632,"comment_status":"closed","ping_status":"closed","sticky":false,"template":"","format":"standard","meta":{"footnotes":""},"categories":[38],"tags":[],"class_list":{"0":"post-40574","1":"post","2":"type-post","3":"status-publish","4":"format-standard","5":"has-post-thumbnail","7":"category-municipios"},"_links":{"self":[{"href":"https:\/\/senoticias.com.br\/se\/wp-json\/wp\/v2\/posts\/40574"}],"collection":[{"href":"https:\/\/senoticias.com.br\/se\/wp-json\/wp\/v2\/posts"}],"about":[{"href":"https:\/\/senoticias.com.br\/se\/wp-json\/wp\/v2\/types\/post"}],"author":[{"embeddable":true,"href":"https:\/\/senoticias.com.br\/se\/wp-json\/wp\/v2\/users\/1"}],"replies":[{"embeddable":true,"href":"https:\/\/senoticias.com.br\/se\/wp-json\/wp\/v2\/comments?post=40574"}],"version-history":[{"count":0,"href":"https:\/\/senoticias.com.br\/se\/wp-json\/wp\/v2\/posts\/40574\/revisions"}],"wp:featuredmedia":[{"embeddable":true,"href":"https:\/\/senoticias.com.br\/se\/wp-json\/wp\/v2\/media\/40632"}],"wp:attachment":[{"href":"https:\/\/senoticias.com.br\/se\/wp-json\/wp\/v2\/media?parent=40574"}],"wp:term":[{"taxonomy":"category","embeddable":true,"href":"https:\/\/senoticias.com.br\/se\/wp-json\/wp\/v2\/categories?post=40574"},{"taxonomy":"post_tag","embeddable":true,"href":"https:\/\/senoticias.com.br\/se\/wp-json\/wp\/v2\/tags?post=40574"}],"curies":[{"name":"wp","href":"https:\/\/api.w.org\/{rel}","templated":true}]}}