{"id":40486,"date":"2012-10-29T06:29:43","date_gmt":"2012-10-29T09:29:43","guid":{"rendered":"http:\/\/senoticias.com.br\/se\/?p=40486"},"modified":"2012-10-31T11:53:17","modified_gmt":"2012-10-31T14:53:17","slug":"radialista-assassinado-dentro-dos-estudios-da-emissora-em-itabaiana","status":"publish","type":"post","link":"https:\/\/senoticias.com.br\/se\/radialista-assassinado-dentro-dos-estudios-da-emissora-em-itabaiana\/","title":{"rendered":"Radialista assassinado dentro dos est\u00fadios da emissora, em Itabaiana"},"content":{"rendered":"<div id=\"attachment_40502\" style=\"width: 310px\" class=\"wp-caption alignleft\"><a href=\"http:\/\/senoticias.com.br\/se\/wp-content\/uploads\/2012\/10\/radialistaprincesafm_grande2.jpg\"><img loading=\"lazy\" decoding=\"async\" aria-describedby=\"caption-attachment-40502\" class=\"size-medium wp-image-40502\" title=\"radialistaprincesafm_grande2\" src=\"http:\/\/senoticias.com.br\/se\/wp-content\/uploads\/2012\/10\/radialistaprincesafm_grande2-300x225.jpg\" alt=\"\" width=\"300\" height=\"225\" srcset=\"https:\/\/senoticias.com.br\/se\/wp-content\/uploads\/2012\/10\/radialistaprincesafm_grande2-300x225.jpg 300w, https:\/\/senoticias.com.br\/se\/wp-content\/uploads\/2012\/10\/radialistaprincesafm_grande2-342x256.jpg 342w, https:\/\/senoticias.com.br\/se\/wp-content\/uploads\/2012\/10\/radialistaprincesafm_grande2-60x45.jpg 60w, https:\/\/senoticias.com.br\/se\/wp-content\/uploads\/2012\/10\/radialistaprincesafm_grande2-150x113.jpg 150w, https:\/\/senoticias.com.br\/se\/wp-content\/uploads\/2012\/10\/radialistaprincesafm_grande2-269x201.jpg 269w, https:\/\/senoticias.com.br\/se\/wp-content\/uploads\/2012\/10\/radialistaprincesafm_grande2.jpg 400w\" sizes=\"(max-width: 300px) 100vw, 300px\" \/><\/a><p id=\"caption-attachment-40502\" class=\"wp-caption-text\">Edmilson de Jesus foi morto dentro dos est\u00fadios da emissora, enquanto trabalhava. (Divulga\u00e7\u00e3o facebook)<\/p><\/div>\n<p style=\"text-align: justify;\">Os itabaianenses est\u00e3o assustados com a onda de viol\u00eancia que vem se instalando no munic\u00edpio. Mais uma trag\u00e9dia aconteceu na noite deste domingo (28). Foi por volta das 21h, o locutor Edmilson de Jesus, funcion\u00e1rio da r\u00e1dio Princesa FM 99.3, foi morto dentro dos est\u00fadios da emissora, enquanto trabalhava. No momento do crime, o radialista estava sozinho na r\u00e1dio que fica localizada na Avenida Manoel Ant\u00f4nio dos Santos, situada a 100 metros da corpora\u00e7\u00e3o da Pol\u00edcia Militar.<\/p>\n<p style=\"text-align: justify;\">O radialista teria discutido com o indiv\u00edduo que realizou o crime, que ap\u00f3s uma luta corporal, Edmilson de Jesus foi morto com tr\u00eas tiros em diferentes partes do corpo. O mesmo tentou correr, mas acabou caindo no ch\u00e3o.<\/p>\n<p style=\"text-align: justify;\">A motoneta e o celular de Edmilson foram levado pelo autor do crime. A pol\u00edcia acredita que o indiv\u00edduo que cometeu o crime seja conhecido do radialista, j\u00e1 que a porta que da acesso a r\u00e1dio estava trancada.<\/p>\n<p style=\"text-align: justify;\">O itabaianense Edmilson de Jesus, 40 anos, j\u00e1 trabalhou em diversas r\u00e1dios de Sergipe, entre elas a R\u00e1dio Ilha FM, R\u00e1dio Capital do Agreste, Fm Sergipe e R\u00e1dio do Povo. Atualmente o radialista tamb\u00e9m trabalhava em uma panifica\u00e7\u00e3o do munic\u00edpio.<\/p>\n<div id=\"attachment_40503\" style=\"width: 310px\" class=\"wp-caption alignleft\"><a href=\"http:\/\/senoticias.com.br\/se\/wp-content\/uploads\/2012\/10\/403536_461894837194755_1932458578_n.jpg\"><img loading=\"lazy\" decoding=\"async\" aria-describedby=\"caption-attachment-40503\" class=\"size-medium wp-image-40503\" title=\"403536_461894837194755_1932458578_n\" src=\"http:\/\/senoticias.com.br\/se\/wp-content\/uploads\/2012\/10\/403536_461894837194755_1932458578_n-300x225.jpg\" alt=\"\" width=\"300\" height=\"225\" srcset=\"https:\/\/senoticias.com.br\/se\/wp-content\/uploads\/2012\/10\/403536_461894837194755_1932458578_n-300x225.jpg 300w, https:\/\/senoticias.com.br\/se\/wp-content\/uploads\/2012\/10\/403536_461894837194755_1932458578_n-342x256.jpg 342w, https:\/\/senoticias.com.br\/se\/wp-content\/uploads\/2012\/10\/403536_461894837194755_1932458578_n-60x45.jpg 60w, https:\/\/senoticias.com.br\/se\/wp-content\/uploads\/2012\/10\/403536_461894837194755_1932458578_n-150x113.jpg 150w, https:\/\/senoticias.com.br\/se\/wp-content\/uploads\/2012\/10\/403536_461894837194755_1932458578_n-269x201.jpg 269w, https:\/\/senoticias.com.br\/se\/wp-content\/uploads\/2012\/10\/403536_461894837194755_1932458578_n.jpg 960w\" sizes=\"(max-width: 300px) 100vw, 300px\" \/><\/a><p id=\"caption-attachment-40503\" class=\"wp-caption-text\">Edmilson de Jesus foi morto com tr\u00eas tiros em diferentes partes do corpo. (Foto: Marcos Nunes)<\/p><\/div>\n<p style=\"text-align: justify;\">A pol\u00edcia esteve no local, e isolou a \u00e1rea. Muitos curiosos se aglomeram na frente da r\u00e1dio.<\/p>\n<p style=\"text-align: justify;\">A informa\u00e7\u00e3o que obtivemos, \u00e9 que at\u00e9 a 1h desta segunda-feira, o cambur\u00e3o do IML n\u00e3o chegou at\u00e9 o local, para recolher o corpo.<\/p>\n<p style=\"text-align: justify;\">A Delegacia de Homic\u00eddios do munic\u00edpio investiga o caso. Este j\u00e1 \u00e9 o 52\u00ba assassinato registrado em Itabaiana. A m\u00e9dia de homic\u00eddios em Itabaiana \u00e9 de 4 por m\u00eas, somente no m\u00eas de outubro 8 assassinatos foram registrados.<\/p>\n<p><a href=\"  http:\/\/itnet.com.br\/materia-19236\" target=\"_blank\"><strong>Da reda\u00e7\u00e3o Itnet, Gilson de Oliveira e Leonardo Dias.<\/strong><\/a><\/p>\n","protected":false},"excerpt":{"rendered":"<p>Os itabaianenses est\u00e3o assustados com a onda de viol\u00eancia que vem se instalando no munic\u00edpio. Mais uma trag\u00e9dia aconteceu na noite deste domingo (28). Foi por volta das 21h, o locutor Edmilson de Jesus, funcion\u00e1rio da r\u00e1dio Princesa FM 99.3, foi morto dentro dos est\u00fadios da emissora, enquanto trabalhava. No momento do crime, o radialista [&hellip;]<\/p>\n","protected":false},"author":1,"featured_media":40503,"comment_status":"closed","ping_status":"closed","sticky":false,"template":"","format":"standard","meta":{"footnotes":""},"categories":[7],"tags":[250,248,246,247,249],"class_list":{"0":"post-40486","1":"post","2":"type-post","3":"status-publish","4":"format-standard","5":"has-post-thumbnail","7":"category-policia","8":"tag-assassinato-de-radialista","9":"tag-radialista-assassinado","10":"tag-radialista-assassinado-em-itabaiana","11":"tag-radialista-assassinado-em-sergipe","12":"tag-radialista-edmilson"},"_links":{"self":[{"href":"https:\/\/senoticias.com.br\/se\/wp-json\/wp\/v2\/posts\/40486"}],"collection":[{"href":"https:\/\/senoticias.com.br\/se\/wp-json\/wp\/v2\/posts"}],"about":[{"href":"https:\/\/senoticias.com.br\/se\/wp-json\/wp\/v2\/types\/post"}],"author":[{"embeddable":true,"href":"https:\/\/senoticias.com.br\/se\/wp-json\/wp\/v2\/users\/1"}],"replies":[{"embeddable":true,"href":"https:\/\/senoticias.com.br\/se\/wp-json\/wp\/v2\/comments?post=40486"}],"version-history":[{"count":0,"href":"https:\/\/senoticias.com.br\/se\/wp-json\/wp\/v2\/posts\/40486\/revisions"}],"wp:featuredmedia":[{"embeddable":true,"href":"https:\/\/senoticias.com.br\/se\/wp-json\/wp\/v2\/media\/40503"}],"wp:attachment":[{"href":"https:\/\/senoticias.com.br\/se\/wp-json\/wp\/v2\/media?parent=40486"}],"wp:term":[{"taxonomy":"category","embeddable":true,"href":"https:\/\/senoticias.com.br\/se\/wp-json\/wp\/v2\/categories?post=40486"},{"taxonomy":"post_tag","embeddable":true,"href":"https:\/\/senoticias.com.br\/se\/wp-json\/wp\/v2\/tags?post=40486"}],"curies":[{"name":"wp","href":"https:\/\/api.w.org\/{rel}","templated":true}]}}