{"id":40448,"date":"2012-10-26T13:33:53","date_gmt":"2012-10-26T16:33:53","guid":{"rendered":"http:\/\/senoticias.com.br\/se\/?p=40448"},"modified":"2013-05-18T12:57:09","modified_gmt":"2013-05-18T15:57:09","slug":"juiz-indefere-pedidos-de-impugnacao-contra-rivanda-farias","status":"publish","type":"post","link":"https:\/\/senoticias.com.br\/se\/juiz-indefere-pedidos-de-impugnacao-contra-rivanda-farias\/","title":{"rendered":"Juiz indefere pedidos de impugna\u00e7\u00e3o contra Rivanda Farias"},"content":{"rendered":"<p style=\"text-align: justify;\">\n<a href=\"http:\/\/senoticias.com.br\/se\/wp-content\/uploads\/2012\/07\/selo_ABR_eleicoes2012.jpg\"><img loading=\"lazy\" decoding=\"async\" class=\"alignleft size-full wp-image-37252\" title=\"selo_ABR_eleicoes2012\" src=\"http:\/\/senoticias.com.br\/se\/wp-content\/uploads\/2012\/07\/selo_ABR_eleicoes2012.jpg\" alt=\"\" width=\"119\" height=\"116\" srcset=\"https:\/\/senoticias.com.br\/se\/wp-content\/uploads\/2012\/07\/selo_ABR_eleicoes2012.jpg 119w, https:\/\/senoticias.com.br\/se\/wp-content\/uploads\/2012\/07\/selo_ABR_eleicoes2012-50x50.jpg 50w, https:\/\/senoticias.com.br\/se\/wp-content\/uploads\/2012\/07\/selo_ABR_eleicoes2012-55x55.jpg 55w\" sizes=\"(max-width: 119px) 100vw, 119px\" \/><\/a>O juiz eleitoral da 21\u00aa zona eleitoral, Manoel Costa Neto, julgou improcedentes as a\u00e7\u00f5es de impugna\u00e7\u00e3o contra o registro da candidatura da prefeita eleita de S\u00e3o Crist\u00f3v\u00e3o, Rivanda Farias (PSB). O juiz negou provimento \u00e0s a\u00e7\u00f5es de impugna\u00e7\u00e3o, seguindo o entendimento do Minist\u00e9rio P\u00fablico, que recomendou a valida\u00e7\u00e3o do registro de candidatura da prefeita.<\/p>\n<p style=\"text-align: justify;\">De acordo com o juiz, a substitui\u00e7\u00e3o da candidatura ocorreu em tempo h\u00e1bil para as mudan\u00e7as de chapas. Em sua decis\u00e3o, o juiz afirma n\u00e3o ter encontrado nenhuma irregularidade no procedimento para invalidar a candidatura de Rivanda Farias.<\/p>\n<p style=\"text-align: justify;\">Em rela\u00e7\u00e3o ao processo administrativo que resultou na demiss\u00e3o de Rivanda Farias do cargo de professora do Munic\u00edpio de S\u00e3o Crist\u00f3v\u00e3o, o magistrado observou que o processo administrativo de Rivanda est\u00e1 em an\u00e1lise no Superior Tribunal de Justi\u00e7a, o que, segundo ele, n\u00e3o a enquadra na Lei da Ficha Limpa.<\/p>\n<p style=\"text-align: justify;\"><em><strong>SE Not\u00edcias com CajuNews<\/strong><\/em><\/p>\n","protected":false},"excerpt":{"rendered":"<p>O juiz eleitoral da 21\u00aa zona eleitoral, Manoel Costa Neto, julgou improcedentes as a\u00e7\u00f5es de impugna\u00e7\u00e3o contra o registro da candidatura da prefeita eleita de S\u00e3o Crist\u00f3v\u00e3o, Rivanda Farias (PSB). O juiz negou provimento \u00e0s a\u00e7\u00f5es de impugna\u00e7\u00e3o, seguindo o entendimento do Minist\u00e9rio P\u00fablico, que recomendou a valida\u00e7\u00e3o do registro de candidatura da prefeita. De [&hellip;]<\/p>\n","protected":false},"author":1,"featured_media":37252,"comment_status":"closed","ping_status":"closed","sticky":false,"template":"","format":"standard","meta":{"footnotes":""},"categories":[38,3],"tags":[],"class_list":{"0":"post-40448","1":"post","2":"type-post","3":"status-publish","4":"format-standard","5":"has-post-thumbnail","7":"category-municipios","8":"category-saocristovao"},"_links":{"self":[{"href":"https:\/\/senoticias.com.br\/se\/wp-json\/wp\/v2\/posts\/40448"}],"collection":[{"href":"https:\/\/senoticias.com.br\/se\/wp-json\/wp\/v2\/posts"}],"about":[{"href":"https:\/\/senoticias.com.br\/se\/wp-json\/wp\/v2\/types\/post"}],"author":[{"embeddable":true,"href":"https:\/\/senoticias.com.br\/se\/wp-json\/wp\/v2\/users\/1"}],"replies":[{"embeddable":true,"href":"https:\/\/senoticias.com.br\/se\/wp-json\/wp\/v2\/comments?post=40448"}],"version-history":[{"count":0,"href":"https:\/\/senoticias.com.br\/se\/wp-json\/wp\/v2\/posts\/40448\/revisions"}],"wp:featuredmedia":[{"embeddable":true,"href":"https:\/\/senoticias.com.br\/se\/wp-json\/wp\/v2\/media\/37252"}],"wp:attachment":[{"href":"https:\/\/senoticias.com.br\/se\/wp-json\/wp\/v2\/media?parent=40448"}],"wp:term":[{"taxonomy":"category","embeddable":true,"href":"https:\/\/senoticias.com.br\/se\/wp-json\/wp\/v2\/categories?post=40448"},{"taxonomy":"post_tag","embeddable":true,"href":"https:\/\/senoticias.com.br\/se\/wp-json\/wp\/v2\/tags?post=40448"}],"curies":[{"name":"wp","href":"https:\/\/api.w.org\/{rel}","templated":true}]}}