{"id":40433,"date":"2012-10-26T14:03:25","date_gmt":"2012-10-26T17:03:25","guid":{"rendered":"http:\/\/senoticias.com.br\/se\/?p=40433"},"modified":"2012-10-28T09:00:56","modified_gmt":"2012-10-28T12:00:56","slug":"educacao-promove-revisao-do-enem-na-proxima-segunda-29","status":"publish","type":"post","link":"https:\/\/senoticias.com.br\/se\/educacao-promove-revisao-do-enem-na-proxima-segunda-29\/","title":{"rendered":"Educa\u00e7\u00e3o promove revis\u00e3o do Enem na pr\u00f3xima segunda, 29"},"content":{"rendered":"<p>&nbsp;<\/p>\n<div id=\"attachment_40434\" style=\"width: 310px\" class=\"wp-caption alignleft\"><a href=\"http:\/\/senoticias.com.br\/se\/wp-content\/uploads\/2012\/10\/Educa\u00e7\u00e3o.jpeg\"><img loading=\"lazy\" decoding=\"async\" aria-describedby=\"caption-attachment-40434\" class=\"size-full wp-image-40434\" title=\"Educa\u00e7\u00e3o\" src=\"http:\/\/senoticias.com.br\/se\/wp-content\/uploads\/2012\/10\/Educa\u00e7\u00e3o.jpeg\" alt=\"\" width=\"300\" height=\"200\" \/><\/a><p id=\"caption-attachment-40434\" class=\"wp-caption-text\">Educa\u00e7\u00e3o promove revis\u00e3o do Enem na pr\u00f3xima segunda, 29. (Foto: Ascom\/Seed)<\/p><\/div>\n<p style=\"text-align: justify;\">A Secretaria de Estado da Educa\u00e7\u00e3o (Seed) come\u00e7a na pr\u00f3xima segunda-feira, 29, as aulas de revis\u00e3o para refor\u00e7ar o aprendizado dos alunos que se submeter\u00e3o ao Exame Nacional de Ensino M\u00e9dio (Enem). As aulas ocorrer\u00e3o a partir das 15h, na quadra do Col\u00e9gio Estadual Dom Luciano, e prosseguir\u00e3o at\u00e9 o dia 1\u00ba de novembro. Durante os quatro dias, os alunos da rede estadual que est\u00e3o disputando uma vaga na Universidade Federal de Sergipe (UFS) v\u00e3o rever os conte\u00fados de todas as disciplinas exigidas pelo exame.<\/p>\n<p style=\"text-align: justify;\">O Enem ocorrer\u00e1 nos dias 3 e 4 de novembro, em 27 dos 75 munic\u00edpios sergipanos. As provas iniciar\u00e3o \u00e0s 12 horas, hor\u00e1rio local, e prosseguir\u00e3o at\u00e9 \u00e0s 17h30. Os port\u00f5es de acesso ser\u00e3o abertos \u00e0s 11h e fechados \u00e0s 12h. Recomenda-se que todos os participantes compare\u00e7am ao local de realiza\u00e7\u00e3o das provas at\u00e9 as 11h. \u201cO candidato sergipano deve ficar atento com o hor\u00e1rio, porque, como Sergipe n\u00e3o est\u00e1 em hor\u00e1rio de ver\u00e3o, estamos com uma hora a menos que o hor\u00e1rio de Bras\u00edlia\u201d, afirmou a diretora do Dase, Zelita Brito.<\/p>\n<p style=\"text-align: justify;\">Para preparar os alunos da rede estadual que participar\u00e3o do Enem, o Governo de Sergipe, atrav\u00e9s da Secretaria de Estado da Educa\u00e7\u00e3o, promoveu simulad\u00f5es, encontros pedag\u00f3gicos com os professores, palestras sobre os cursos da UFS, aquisi\u00e7\u00e3o de dicion\u00e1rios, al\u00e9m das revis\u00f5es. O governo tamb\u00e9m est\u00e1 premiando os dez primeiros alunos da rede estadual colocados na classifica\u00e7\u00e3o da UFS com Cadernetas de Poupan\u00e7a do Banese como est\u00edmulo aos alunos.<\/p>\n<p style=\"text-align: justify;\">Nos dias das provas, a Seed est\u00e1 colocando \u00f4nibus para transportar os alunos e vai distribuir \u00e1gua e kits com l\u00e1pis, caneta e borracha. Os professores tamb\u00e9m estar\u00e3o mobilizados para estimular e dar for\u00e7a aos alunos, demonstrando confian\u00e7a no sucesso de todos.<\/p>\n<p style=\"text-align: justify;\"><strong>Pr\u00e9-Universit\u00e1rio<\/strong><\/p>\n<p style=\"text-align: justify;\">O Governo de Sergipe tamb\u00e9m oferece ao aluno da rede p\u00fablica o curso do Pr\u00e9-Universit\u00e1rio. O programa atua dando assist\u00eancia ao aluno vestibulando, oferecendo curso preparat\u00f3rio para egressos da rede p\u00fablica e desenvolvendo a\u00e7\u00f5es educativas que corroboram no despertar de uma ampla cultura pr\u00e9-universit\u00e1ria no seio do ensino m\u00e9dio. O curso Pr\u00e9-Universit\u00e1rio atua em 39 polos, distribu\u00eddos em 21 munic\u00edpios do Estado, ofertando um total de 6.175 vagas. Foi realizado o investimento de R$ 90 mil na compra de mobili\u00e1rio para audit\u00f3rios de unidades de ensino onde funciona o curso Pr\u00e9-Universit\u00e1rio.<\/p>\n<p style=\"text-align: justify;\"><em><strong>Ag\u00eancia Sergipe de Not\u00edcias<\/strong><\/em><\/p>\n","protected":false},"excerpt":{"rendered":"<p>&nbsp; A Secretaria de Estado da Educa\u00e7\u00e3o (Seed) come\u00e7a na pr\u00f3xima segunda-feira, 29, as aulas de revis\u00e3o para refor\u00e7ar o aprendizado dos alunos que se submeter\u00e3o ao Exame Nacional de Ensino M\u00e9dio (Enem). As aulas ocorrer\u00e3o a partir das 15h, na quadra do Col\u00e9gio Estadual Dom Luciano, e prosseguir\u00e3o at\u00e9 o dia 1\u00ba de novembro. [&hellip;]<\/p>\n","protected":false},"author":1,"featured_media":40434,"comment_status":"closed","ping_status":"closed","sticky":false,"template":"","format":"standard","meta":{"footnotes":""},"categories":[44,26],"tags":[],"class_list":{"0":"post-40433","1":"post","2":"type-post","3":"status-publish","4":"format-standard","5":"has-post-thumbnail","7":"category-educacao","8":"category-esportes"},"_links":{"self":[{"href":"https:\/\/senoticias.com.br\/se\/wp-json\/wp\/v2\/posts\/40433"}],"collection":[{"href":"https:\/\/senoticias.com.br\/se\/wp-json\/wp\/v2\/posts"}],"about":[{"href":"https:\/\/senoticias.com.br\/se\/wp-json\/wp\/v2\/types\/post"}],"author":[{"embeddable":true,"href":"https:\/\/senoticias.com.br\/se\/wp-json\/wp\/v2\/users\/1"}],"replies":[{"embeddable":true,"href":"https:\/\/senoticias.com.br\/se\/wp-json\/wp\/v2\/comments?post=40433"}],"version-history":[{"count":0,"href":"https:\/\/senoticias.com.br\/se\/wp-json\/wp\/v2\/posts\/40433\/revisions"}],"wp:featuredmedia":[{"embeddable":true,"href":"https:\/\/senoticias.com.br\/se\/wp-json\/wp\/v2\/media\/40434"}],"wp:attachment":[{"href":"https:\/\/senoticias.com.br\/se\/wp-json\/wp\/v2\/media?parent=40433"}],"wp:term":[{"taxonomy":"category","embeddable":true,"href":"https:\/\/senoticias.com.br\/se\/wp-json\/wp\/v2\/categories?post=40433"},{"taxonomy":"post_tag","embeddable":true,"href":"https:\/\/senoticias.com.br\/se\/wp-json\/wp\/v2\/tags?post=40433"}],"curies":[{"name":"wp","href":"https:\/\/api.w.org\/{rel}","templated":true}]}}