{"id":39486,"date":"2012-09-15T07:23:00","date_gmt":"2012-09-15T10:23:00","guid":{"rendered":"http:\/\/senoticias.com.br\/se\/?p=39486"},"modified":"2012-09-16T11:21:49","modified_gmt":"2012-09-16T14:21:49","slug":"dono-de-pousada-e-preso-por-trafico-e-exploracao-de-menores","status":"publish","type":"post","link":"https:\/\/senoticias.com.br\/se\/dono-de-pousada-e-preso-por-trafico-e-exploracao-de-menores\/","title":{"rendered":"Dono de pousada \u00e9 preso por tr\u00e1fico e explora\u00e7\u00e3o de menores"},"content":{"rendered":"<p>&nbsp;<\/p>\n<p style=\"text-align: justify;\"><a href=\"http:\/\/senoticias.com.br\/se\/wp-content\/uploads\/2012\/09\/Preso_1.jpg\"><img loading=\"lazy\" decoding=\"async\" class=\"alignleft size-medium wp-image-39487\" title=\"Preso_1\" src=\"http:\/\/senoticias.com.br\/se\/wp-content\/uploads\/2012\/09\/Preso_1-298x300.jpg\" alt=\"\" width=\"298\" height=\"300\" srcset=\"https:\/\/senoticias.com.br\/se\/wp-content\/uploads\/2012\/09\/Preso_1-298x300.jpg 298w, https:\/\/senoticias.com.br\/se\/wp-content\/uploads\/2012\/09\/Preso_1-150x150.jpg 150w, https:\/\/senoticias.com.br\/se\/wp-content\/uploads\/2012\/09\/Preso_1-50x50.jpg 50w, https:\/\/senoticias.com.br\/se\/wp-content\/uploads\/2012\/09\/Preso_1-342x343.jpg 342w, https:\/\/senoticias.com.br\/se\/wp-content\/uploads\/2012\/09\/Preso_1-70x70.jpg 70w, https:\/\/senoticias.com.br\/se\/wp-content\/uploads\/2012\/09\/Preso_1-300x301.jpg 300w, https:\/\/senoticias.com.br\/se\/wp-content\/uploads\/2012\/09\/Preso_1-55x55.jpg 55w, https:\/\/senoticias.com.br\/se\/wp-content\/uploads\/2012\/09\/Preso_1.jpg 400w\" sizes=\"(max-width: 298px) 100vw, 298px\" \/><\/a>No final da tarde de quinta-feira, 13, o Departamento de Narc\u00f3ticos da Pol\u00edcia Civil (Denarc) e a Coordenadoria de Pol\u00edcia Civil da Capital (Copcal) deflagraram opera\u00e7\u00e3o com o objetivo de apurar den\u00fancias a respeito de tr\u00e1fico de drogas e prostitui\u00e7\u00e3o infantil registrados em uma pousada localizada no bairro Atalaia.<\/p>\n<p style=\"text-align: justify;\">Os policiais se deslocaram at\u00e9 a rua Vicente Mesquita e l\u00e1 prenderam, em flagrante, o propriet\u00e1rio do estabelecimento comercial Carlos Moreira da Silva, 48 anos. Segundo o delegado F\u00e1bio Pereira, as investiga\u00e7\u00f5es tiveram in\u00edcio em virtude de den\u00fancias da popula\u00e7\u00e3o que davam conta de que no local havia aglomera\u00e7\u00e3o de garotas de programas, menores de idade e usu\u00e1rios de drogas.<\/p>\n<p style=\"text-align: justify;\">Dentro da pousada, com ajuda de c\u00e3es farejadores do Denarc, os policiais encontraram algumas ampolas contendo coca\u00edna escondidas dentro de uma tomada de energia e dentro de rolos de papel higi\u00eanico. Tamb\u00e9m durante a opera\u00e7\u00e3o, uma jovem de 14 anos foi encontrada quando estava prestes a realizar um programa. Ele foi contratada por R$ 30,00, sendo que R$ 10,00 a menina teria que repassar para o dono da pousada.<\/p>\n<p style=\"text-align: justify;\">Carlos Moreira respondia h\u00e1 tr\u00eas inqu\u00e9ritos por manter local para explora\u00e7\u00e3o de menores no Departamento de Atendimento a Grupos Vulner\u00e1veis (DAGV). \u201cCome\u00e7amos a investigar a den\u00fancia de tr\u00e1fico e ap\u00f3s constatado o crime representamos pela busca a apreens\u00e3o na pousada. Apesar de n\u00e3o ser encontrado com drogas, Carlos mantinha um local para este fim, o que configura um crime de tr\u00e1fico previsto na Lei 11.343. Ele tamb\u00e9m mantinha um local para explora\u00e7\u00e3o de menores\u201d, disse.<\/p>\n<p style=\"text-align: justify;\">Segundo o delegado, o acusado dirigia diretamente a pousada. \u201c Ele tinha um sistema de c\u00e2mera de que vigiava a pousada 24 horas e estas imagens eram levadas para uma central que ficava no quarto dele, logo n\u00e3o tinha como negar que tinha conhecimento que menores de idade frequentavam o local\u201d, explicou.<\/p>\n<p style=\"text-align: justify;\">A pol\u00edcia ainda realizou diversas abordagens nas imedia\u00e7\u00f5es do estabelecimento e encontrou pedras de crack com menores. \u201cEstes menores foram trazidos aqui para o Denarc e ap\u00f3s serem ouvidos foram encaminhados para um abrigo\u201d.<\/p>\n<p style=\"text-align: justify;\">A investiga\u00e7\u00e3o foi coordenada pelo Denarc e Copcal e contou com o apoio da Superintend\u00eancia, Delegacia de Turismo (Detur), Delegacia Especial de Prote\u00e7\u00e3o a Crian\u00e7a e ao Adolescente (DEPCA) e DAGV.<\/p>\n<p style=\"text-align: justify;\">SSP\/SE<\/p>\n","protected":false},"excerpt":{"rendered":"<p>&nbsp; No final da tarde de quinta-feira, 13, o Departamento de Narc\u00f3ticos da Pol\u00edcia Civil (Denarc) e a Coordenadoria de Pol\u00edcia Civil da Capital (Copcal) deflagraram opera\u00e7\u00e3o com o objetivo de apurar den\u00fancias a respeito de tr\u00e1fico de drogas e prostitui\u00e7\u00e3o infantil registrados em uma pousada localizada no bairro Atalaia. Os policiais se deslocaram at\u00e9 [&hellip;]<\/p>\n","protected":false},"author":3,"featured_media":39487,"comment_status":"closed","ping_status":"closed","sticky":false,"template":"","format":"standard","meta":{"footnotes":""},"categories":[7],"tags":[],"class_list":{"0":"post-39486","1":"post","2":"type-post","3":"status-publish","4":"format-standard","5":"has-post-thumbnail","7":"category-policia"},"_links":{"self":[{"href":"https:\/\/senoticias.com.br\/se\/wp-json\/wp\/v2\/posts\/39486"}],"collection":[{"href":"https:\/\/senoticias.com.br\/se\/wp-json\/wp\/v2\/posts"}],"about":[{"href":"https:\/\/senoticias.com.br\/se\/wp-json\/wp\/v2\/types\/post"}],"author":[{"embeddable":true,"href":"https:\/\/senoticias.com.br\/se\/wp-json\/wp\/v2\/users\/3"}],"replies":[{"embeddable":true,"href":"https:\/\/senoticias.com.br\/se\/wp-json\/wp\/v2\/comments?post=39486"}],"version-history":[{"count":0,"href":"https:\/\/senoticias.com.br\/se\/wp-json\/wp\/v2\/posts\/39486\/revisions"}],"wp:featuredmedia":[{"embeddable":true,"href":"https:\/\/senoticias.com.br\/se\/wp-json\/wp\/v2\/media\/39487"}],"wp:attachment":[{"href":"https:\/\/senoticias.com.br\/se\/wp-json\/wp\/v2\/media?parent=39486"}],"wp:term":[{"taxonomy":"category","embeddable":true,"href":"https:\/\/senoticias.com.br\/se\/wp-json\/wp\/v2\/categories?post=39486"},{"taxonomy":"post_tag","embeddable":true,"href":"https:\/\/senoticias.com.br\/se\/wp-json\/wp\/v2\/tags?post=39486"}],"curies":[{"name":"wp","href":"https:\/\/api.w.org\/{rel}","templated":true}]}}