{"id":39479,"date":"2012-09-14T23:15:20","date_gmt":"2012-09-15T02:15:20","guid":{"rendered":"http:\/\/senoticias.com.br\/se\/?p=39479"},"modified":"2012-09-17T10:22:25","modified_gmt":"2012-09-17T13:22:25","slug":"joao-alves-tem-51-valadares-filho-20-e-vera-lucia-7-diz-ibope","status":"publish","type":"post","link":"https:\/\/senoticias.com.br\/se\/joao-alves-tem-51-valadares-filho-20-e-vera-lucia-7-diz-ibope\/","title":{"rendered":"Jo\u00e3o Alves tem 51%, Valadares Filho, 20%, e Vera L\u00facia, 7%, diz Ibope"},"content":{"rendered":"<p><span style=\"color: #0000ff;\"><em><strong>\u00a0G1 SE<\/strong><\/em><\/span><\/p>\n<p><span style=\"color: #333333;\"><em><strong>Pesquisa apontou candidato do DEM na lideran\u00e7a da disputa em Aracaju.<\/strong><\/em><\/span><br \/>\n<span style=\"color: #333333;\"><em><strong> Ibope ouviu 602 pessoas; margem de erro \u00e9 de 4 pontos percentuais.<\/strong><\/em><\/span><\/p>\n<p>&nbsp;<\/p>\n<p>&nbsp;<\/p>\n<div id=\"attachment_27822\" style=\"width: 285px\" class=\"wp-caption alignleft\"><a href=\"http:\/\/senoticias.com.br\/se\/wp-content\/uploads\/2012\/03\/Valadares-Filho.jpg\"><img loading=\"lazy\" decoding=\"async\" aria-describedby=\"caption-attachment-27822\" class=\"size-full wp-image-27822\" title=\"Valadares Filho\" src=\"http:\/\/senoticias.com.br\/se\/wp-content\/uploads\/2012\/03\/Valadares-Filho.jpg\" alt=\"\" width=\"275\" height=\"183\" \/><\/a><p id=\"caption-attachment-27822\" class=\"wp-caption-text\">Valadares Filho subiu de 12% para 20%. (Foto: Reprodu\u00e7\u00e3o)<\/p><\/div>\n<p><span style=\"text-align: justify;\">O Ibope divulgou, nesta sexta-feira (14), a segunda pesquisa de inten\u00e7\u00e3o de voto sobre a disputa pela Prefeitura de Aracaju neste ano.<\/span><\/p>\n<p style=\"text-align: justify;\">A pesquisa foi encomendada pela TV Sergipe.<\/p>\n<p style=\"text-align: justify;\">Em rela\u00e7\u00e3o \u00e0 pesquisa anterior, Jo\u00e3o Alves Filho passou de 54% para 51% , Valadares Filho foi de 12% para 20%, e Vera L\u00facia, de 6% para 7%.<\/p>\n<p style=\"text-align: justify;\"><strong>Veja os n\u00fameros do Ibope para a pesquisa estimulada:<\/strong><\/p>\n<p style=\"text-align: justify;\">Jo\u00e3o Alves Filho (DEM) \u2013 51 % das inten\u00e7\u00f5es de voto.<br \/>\nValadares Filho (PSB) &#8211; 20%<br \/>\nVera L\u00facia (PSTU) &#8211; 7%<br \/>\nAlmeida Lima (PPS) &#8211; 3%<br \/>\nReynaldo Nunes (PV) \u2013 1%<br \/>\nBrancos\/nulos &#8211; 11%<br \/>\nN\u00e3o sabe\/n\u00e3o respondeu &#8211; 7%<\/p>\n<p style=\"text-align: justify;\">A pesquisa foi realizada entre os dias 11 e 13 de setembro. Foram entrevistadas 602 pessoas. A margem de erro \u00e9 de 4 pontos percentuais, para mais ou para menos.<\/p>\n<p style=\"text-align: justify;\">A pesquisa est\u00e1 registrada no Tribunal Regional Eleitoral (TRE-SE), sob o n\u00famero SE-00038\/ 2012.<\/p>\n<p style=\"text-align: justify;\"><strong>Pesquisa anterior<\/strong><\/p>\n<p style=\"text-align: justify;\">A primeira pesquisa do Ibope foi divulgada em 23 de agosto e registrou os seguintes resultados: Jo\u00e3o Alves Filho (54%); Valadares Filho (12%); Vera L\u00facia (6%); Almeida Lima (4%)<br \/>\ne Reynaldo Nunes n\u00e3o pontuou.<\/p>\n<p style=\"text-align: justify;\"><strong>Segundo turno<\/strong><\/p>\n<p style=\"text-align: justify;\">O Ibope simulou um poss\u00edvel cen\u00e1rio para o segundo turno em Aracaju. No caso de uma disputa entre Jo\u00e3o Alves Filho e Valadares Filho, o candidato do DEM teria 55% dos votos e Valadares ficaria com 26%. Os votos brancos e nulos somam 12%, enquanto 6% dos entrevistados afirmaram n\u00e3o saber.<\/p>\n<p style=\"text-align: justify;\"><strong>Rejei\u00e7\u00e3o<\/strong><\/p>\n<p style=\"text-align: justify;\">O Ibope tamb\u00e9m perguntou em qual candidato os entrevistados n\u00e3o votariam de jeito nenhum. Almeida Lima tem o maior \u00edndice de rejei\u00e7\u00e3o, com 42%. Jo\u00e3o Alves Filho Filho e Valadares aparecem com 25% cada, seguidos por Vera L\u00facia e Reynaldo Nunes com 18%. Entre os entrevistados, 4% disseram que poderiam votar em todos e 11% n\u00e3o souberam responder.<\/p>\n","protected":false},"excerpt":{"rendered":"<p>\u00a0G1 SE Pesquisa apontou candidato do DEM na lideran\u00e7a da disputa em Aracaju. Ibope ouviu 602 pessoas; margem de erro \u00e9 de 4 pontos percentuais. &nbsp; &nbsp; O Ibope divulgou, nesta sexta-feira (14), a segunda pesquisa de inten\u00e7\u00e3o de voto sobre a disputa pela Prefeitura de Aracaju neste ano. A pesquisa foi encomendada pela TV [&hellip;]<\/p>\n","protected":false},"author":3,"featured_media":27822,"comment_status":"closed","ping_status":"closed","sticky":false,"template":"","format":"standard","meta":{"footnotes":""},"categories":[6],"tags":[],"class_list":{"0":"post-39479","1":"post","2":"type-post","3":"status-publish","4":"format-standard","5":"has-post-thumbnail","7":"category-politica"},"_links":{"self":[{"href":"https:\/\/senoticias.com.br\/se\/wp-json\/wp\/v2\/posts\/39479"}],"collection":[{"href":"https:\/\/senoticias.com.br\/se\/wp-json\/wp\/v2\/posts"}],"about":[{"href":"https:\/\/senoticias.com.br\/se\/wp-json\/wp\/v2\/types\/post"}],"author":[{"embeddable":true,"href":"https:\/\/senoticias.com.br\/se\/wp-json\/wp\/v2\/users\/3"}],"replies":[{"embeddable":true,"href":"https:\/\/senoticias.com.br\/se\/wp-json\/wp\/v2\/comments?post=39479"}],"version-history":[{"count":0,"href":"https:\/\/senoticias.com.br\/se\/wp-json\/wp\/v2\/posts\/39479\/revisions"}],"wp:featuredmedia":[{"embeddable":true,"href":"https:\/\/senoticias.com.br\/se\/wp-json\/wp\/v2\/media\/27822"}],"wp:attachment":[{"href":"https:\/\/senoticias.com.br\/se\/wp-json\/wp\/v2\/media?parent=39479"}],"wp:term":[{"taxonomy":"category","embeddable":true,"href":"https:\/\/senoticias.com.br\/se\/wp-json\/wp\/v2\/categories?post=39479"},{"taxonomy":"post_tag","embeddable":true,"href":"https:\/\/senoticias.com.br\/se\/wp-json\/wp\/v2\/tags?post=39479"}],"curies":[{"name":"wp","href":"https:\/\/api.w.org\/{rel}","templated":true}]}}