{"id":39471,"date":"2012-09-14T17:29:23","date_gmt":"2012-09-14T20:29:23","guid":{"rendered":"http:\/\/senoticias.com.br\/se\/?p=39471"},"modified":"2012-09-17T07:02:22","modified_gmt":"2012-09-17T10:02:22","slug":"professores-da-ufs-retornam-as-atividades-a-partir-do-dia-24","status":"publish","type":"post","link":"https:\/\/senoticias.com.br\/se\/professores-da-ufs-retornam-as-atividades-a-partir-do-dia-24\/","title":{"rendered":"Professores da UFS retornam \u00e0s atividades a partir do dia 24"},"content":{"rendered":"<p>&nbsp;<\/p>\n<p><span style=\"color: #333333;\"><strong>Greve ser\u00e1 suspensa a partir do dia 17\/9, mas aulas retornam em 24\/9<\/strong><\/span><\/p>\n<div id=\"attachment_39472\" style=\"width: 310px\" class=\"wp-caption alignleft\"><a href=\"http:\/\/senoticias.com.br\/se\/wp-content\/uploads\/2012\/09\/assembleia_fim_greve_docentes_1-9-12.jpg\"><img loading=\"lazy\" decoding=\"async\" aria-describedby=\"caption-attachment-39472\" class=\"size-medium wp-image-39472\" title=\"assembleia_fim_greve_docentes_1-9-12\" src=\"http:\/\/senoticias.com.br\/se\/wp-content\/uploads\/2012\/09\/assembleia_fim_greve_docentes_1-9-12-300x225.jpg\" alt=\"\" width=\"300\" height=\"225\" srcset=\"https:\/\/senoticias.com.br\/se\/wp-content\/uploads\/2012\/09\/assembleia_fim_greve_docentes_1-9-12-300x225.jpg 300w, https:\/\/senoticias.com.br\/se\/wp-content\/uploads\/2012\/09\/assembleia_fim_greve_docentes_1-9-12-342x256.jpg 342w, https:\/\/senoticias.com.br\/se\/wp-content\/uploads\/2012\/09\/assembleia_fim_greve_docentes_1-9-12-60x45.jpg 60w, https:\/\/senoticias.com.br\/se\/wp-content\/uploads\/2012\/09\/assembleia_fim_greve_docentes_1-9-12-150x113.jpg 150w, https:\/\/senoticias.com.br\/se\/wp-content\/uploads\/2012\/09\/assembleia_fim_greve_docentes_1-9-12-269x201.jpg 269w, https:\/\/senoticias.com.br\/se\/wp-content\/uploads\/2012\/09\/assembleia_fim_greve_docentes_1-9-12.jpg 614w\" sizes=\"(max-width: 300px) 100vw, 300px\" \/><\/a><p id=\"caption-attachment-39472\" class=\"wp-caption-text\">Greve ser\u00e1 suspensa a partir do dia 17\/9, mas aulas retornam em 24\/9.(foto: Raquel Brabec-Adufs)<\/p><\/div>\n<p style=\"text-align: justify;\">Em assembleia ocorrida hoje, 14, os professores da UFS votaram pelo retorno das atividades. Com 1 voto contra e 5 absten\u00e7\u00f5es, eles decidiram por maioria pela suspens\u00e3o da greve a partir desta segunda, 17, com retorno das aulas a partir da pr\u00f3xima segunda, 24 de setembro.<\/p>\n<p style=\"text-align: justify;\">A decis\u00e3o foi embasada ap\u00f3s discuss\u00f5es sobre a conjuntura da greve no cen\u00e1rio nacional. Com o envio ao Parlamento do Projeto de Lei (PL) 4368\/2012, que trata da carreira do magist\u00e9rio, as estrat\u00e9gias de luta da categoria ser\u00e3o reformuladas. Durante a assembleia, os docentes demonstraram que ir\u00e3o utilizar de novas ferramentas para manter a mobiliza\u00e7\u00e3o da classe.<\/p>\n<p style=\"text-align: justify;\">Apesar da suspens\u00e3o da greve, o sentimento de continuidade da mobiliza\u00e7\u00e3o permanece forte entre os professores. Foram ressaltadas as conquistas alcan\u00e7adas ao longo dos 4 meses de greve, principalmente no sentido de fortalecer o sindicato, e a disposi\u00e7\u00e3o para continuar a luta pelos direitos da categoria.<\/p>\n<p style=\"text-align: justify;\">Segundo o presidente da Adufs, professor Ant\u00f4nio Carlos, a suspens\u00e3o significa que os professores ficar\u00e3o em estado de alerta. \u201cContinuaremos mobilizados e acompanhando o PL, acreditando que o Congresso Nacional n\u00e3o ir\u00e1 ferir a autonomia da universidade nos crit\u00e9rios de progress\u00e3o e avalia\u00e7\u00e3o de seus professores\u201d.<\/p>\n<p style=\"text-align: justify;\">Sobre as mudan\u00e7as que o PL 4368\/2012 traz para a carreira do professor, o presidente afirma que \u201co projeto n\u00e3o reestruturou a carreira de fato, pelo contr\u00e1rio, ele distancia os n\u00edveis quando n\u00f3s pretend\u00edamos que houvesse uma igualdade e equil\u00edbrio entre eles. Por exemplo, teremos professores que v\u00e3o entrar como auxiliar 1, mas com t\u00edtulo de doutor, e depois do est\u00e1gio probat\u00f3rio ele vai pular etapas e se enquadrar em outra classe, e a\u00ed ele n\u00e3o vai percorrer os 30, 35 anos de servi\u00e7o. \u00c9 um projeto que n\u00e3o traz muitas novidades, apenas manipula um reajuste que sequer acompanha a infla\u00e7\u00e3o\u201d.<\/p>\n<p style=\"text-align: justify;\"><em><strong>Assessoria de Comunica\u00e7\u00e3o da Adufs<\/strong><\/em><\/p>\n","protected":false},"excerpt":{"rendered":"<p>&nbsp; Greve ser\u00e1 suspensa a partir do dia 17\/9, mas aulas retornam em 24\/9 Em assembleia ocorrida hoje, 14, os professores da UFS votaram pelo retorno das atividades. Com 1 voto contra e 5 absten\u00e7\u00f5es, eles decidiram por maioria pela suspens\u00e3o da greve a partir desta segunda, 17, com retorno das aulas a partir da [&hellip;]<\/p>\n","protected":false},"author":3,"featured_media":39472,"comment_status":"closed","ping_status":"closed","sticky":false,"template":"","format":"standard","meta":{"footnotes":""},"categories":[44,26,38],"tags":[],"class_list":{"0":"post-39471","1":"post","2":"type-post","3":"status-publish","4":"format-standard","5":"has-post-thumbnail","7":"category-educacao","8":"category-esportes","9":"category-municipios"},"_links":{"self":[{"href":"https:\/\/senoticias.com.br\/se\/wp-json\/wp\/v2\/posts\/39471"}],"collection":[{"href":"https:\/\/senoticias.com.br\/se\/wp-json\/wp\/v2\/posts"}],"about":[{"href":"https:\/\/senoticias.com.br\/se\/wp-json\/wp\/v2\/types\/post"}],"author":[{"embeddable":true,"href":"https:\/\/senoticias.com.br\/se\/wp-json\/wp\/v2\/users\/3"}],"replies":[{"embeddable":true,"href":"https:\/\/senoticias.com.br\/se\/wp-json\/wp\/v2\/comments?post=39471"}],"version-history":[{"count":0,"href":"https:\/\/senoticias.com.br\/se\/wp-json\/wp\/v2\/posts\/39471\/revisions"}],"wp:featuredmedia":[{"embeddable":true,"href":"https:\/\/senoticias.com.br\/se\/wp-json\/wp\/v2\/media\/39472"}],"wp:attachment":[{"href":"https:\/\/senoticias.com.br\/se\/wp-json\/wp\/v2\/media?parent=39471"}],"wp:term":[{"taxonomy":"category","embeddable":true,"href":"https:\/\/senoticias.com.br\/se\/wp-json\/wp\/v2\/categories?post=39471"},{"taxonomy":"post_tag","embeddable":true,"href":"https:\/\/senoticias.com.br\/se\/wp-json\/wp\/v2\/tags?post=39471"}],"curies":[{"name":"wp","href":"https:\/\/api.w.org\/{rel}","templated":true}]}}