{"id":39469,"date":"2012-09-14T16:01:10","date_gmt":"2012-09-14T19:01:10","guid":{"rendered":"http:\/\/senoticias.com.br\/se\/?p=39469"},"modified":"2012-09-14T17:35:52","modified_gmt":"2012-09-14T20:35:52","slug":"justica-declara-nulas-as-autorizacoes-dadas-pela-prefeitura-de-lagarto","status":"publish","type":"post","link":"https:\/\/senoticias.com.br\/se\/justica-declara-nulas-as-autorizacoes-dadas-pela-prefeitura-de-lagarto\/","title":{"rendered":"Justi\u00e7a declara nulas as autoriza\u00e7\u00f5es dadas pela Prefeitura de Lagarto"},"content":{"rendered":"<p>&nbsp;<\/p>\n<p style=\"text-align: justify;\"><a href=\"http:\/\/senoticias.com.br\/se\/wp-content\/uploads\/2011\/12\/MInist\u00e9rio-P\u00fablico.jpg\"><img loading=\"lazy\" decoding=\"async\" class=\"alignleft size-full wp-image-19850\" title=\"MInist\u00e9rio P\u00fablico\" src=\"http:\/\/senoticias.com.br\/se\/wp-content\/uploads\/2011\/12\/MInist\u00e9rio-P\u00fablico.jpg\" alt=\"\" width=\"220\" height=\"229\" \/><\/a>Em senten\u00e7a proferida nos autos da A\u00e7\u00e3o Civil P\u00fablica promovida pela 2\u00aa Promotoria de Justi\u00e7a da C\u00edvel da Comarca de Lagarto, por interm\u00e9dio do Promotor de Justi\u00e7a Dr. Belarmino Alves dos Anjos Neto, o Poder Judici\u00e1rio Sergipano declarou a nulidade das autoriza\u00e7\u00f5es de explora\u00e7\u00e3o de servi\u00e7o de transporte de passageiros mediante t\u00e1xi, concedidas pelo Munic\u00edpio de Lagarto ap\u00f3s 23\/06\/2010, desde que n\u00e3o tenham sido precedidas de procedimento licitat\u00f3rio.<\/p>\n<p style=\"text-align: justify;\">De acordo com a Promotoria, a ACP foi ajuizada ap\u00f3s a realiza\u00e7\u00e3o do Procedimento Administrativo atrav\u00e9s do qual ficou constatado que, ap\u00f3s a edi\u00e7\u00e3o do Decreto Municipal n\u00ba 077\/2010, de 23.06.2010, o qual modificava o n\u00famero de pontos de t\u00e1xi e as normas de concess\u00e3o destes naquele munic\u00edpio, havia ocorrido um aumento considerado exagerado no n\u00famero de t\u00e1xis e, al\u00e9m disso, todas as permiss\u00f5es de opera\u00e7\u00e3o estavam sendo concedidas sem qualquer procedimento licitat\u00f3rio, o que contrariava as exig\u00eancias legais sobre delega\u00e7\u00e3o de tais servi\u00e7os.<\/p>\n<p style=\"text-align: justify;\">O juiz de Direito da 2 Vara C\u00edvel de Lagarto Dr. Daniel de Lima Vasconcelos entendeu que o servi\u00e7o de transporte de passageiros mediante t\u00e1xi \u00e9 servi\u00e7o p\u00fablico, e, como tal, sua delega\u00e7\u00e3o, seja sob a forma de concess\u00e3o ou permiss\u00e3o, deve necessariamente ser precedida de procedimento licitat\u00f3rio, sob pena de afronta ao artigo 175 da Constitui\u00e7\u00e3o Federal e \u00e0 Lei 8.987\/95.<\/p>\n<p style=\"text-align: justify;\">\u201cEst\u00e1 expl\u00edcito que as autoriza\u00e7\u00f5es de explora\u00e7\u00e3o do servi\u00e7o de t\u00e1xi concedidas ap\u00f3s o dia 23\/06\/2010, est\u00e3o irregulares, tendo em vista a aus\u00eancia do indispens\u00e1vel procedimento licitat\u00f3rio, devendo ser, portanto, reconhecida a nulidade de todas as autoriza\u00e7\u00f5es que inobservaram o procedimento legal\u201d, observou o juiz na Decis\u00e3o.<\/p>\n","protected":false},"excerpt":{"rendered":"<p>&nbsp; Em senten\u00e7a proferida nos autos da A\u00e7\u00e3o Civil P\u00fablica promovida pela 2\u00aa Promotoria de Justi\u00e7a da C\u00edvel da Comarca de Lagarto, por interm\u00e9dio do Promotor de Justi\u00e7a Dr. Belarmino Alves dos Anjos Neto, o Poder Judici\u00e1rio Sergipano declarou a nulidade das autoriza\u00e7\u00f5es de explora\u00e7\u00e3o de servi\u00e7o de transporte de passageiros mediante t\u00e1xi, concedidas pelo [&hellip;]<\/p>\n","protected":false},"author":3,"featured_media":19850,"comment_status":"closed","ping_status":"closed","sticky":false,"template":"","format":"standard","meta":{"footnotes":""},"categories":[6],"tags":[],"class_list":{"0":"post-39469","1":"post","2":"type-post","3":"status-publish","4":"format-standard","5":"has-post-thumbnail","7":"category-politica"},"_links":{"self":[{"href":"https:\/\/senoticias.com.br\/se\/wp-json\/wp\/v2\/posts\/39469"}],"collection":[{"href":"https:\/\/senoticias.com.br\/se\/wp-json\/wp\/v2\/posts"}],"about":[{"href":"https:\/\/senoticias.com.br\/se\/wp-json\/wp\/v2\/types\/post"}],"author":[{"embeddable":true,"href":"https:\/\/senoticias.com.br\/se\/wp-json\/wp\/v2\/users\/3"}],"replies":[{"embeddable":true,"href":"https:\/\/senoticias.com.br\/se\/wp-json\/wp\/v2\/comments?post=39469"}],"version-history":[{"count":0,"href":"https:\/\/senoticias.com.br\/se\/wp-json\/wp\/v2\/posts\/39469\/revisions"}],"wp:featuredmedia":[{"embeddable":true,"href":"https:\/\/senoticias.com.br\/se\/wp-json\/wp\/v2\/media\/19850"}],"wp:attachment":[{"href":"https:\/\/senoticias.com.br\/se\/wp-json\/wp\/v2\/media?parent=39469"}],"wp:term":[{"taxonomy":"category","embeddable":true,"href":"https:\/\/senoticias.com.br\/se\/wp-json\/wp\/v2\/categories?post=39469"},{"taxonomy":"post_tag","embeddable":true,"href":"https:\/\/senoticias.com.br\/se\/wp-json\/wp\/v2\/tags?post=39469"}],"curies":[{"name":"wp","href":"https:\/\/api.w.org\/{rel}","templated":true}]}}