{"id":39431,"date":"2012-09-13T15:15:22","date_gmt":"2012-09-13T18:15:22","guid":{"rendered":"http:\/\/senoticias.com.br\/se\/?p=39431"},"modified":"2012-09-14T17:29:08","modified_gmt":"2012-09-14T20:29:08","slug":"mendonca-prado-profere-palestra-em-luiz-eduardo-magalhaes-ba","status":"publish","type":"post","link":"https:\/\/senoticias.com.br\/se\/mendonca-prado-profere-palestra-em-luiz-eduardo-magalhaes-ba\/","title":{"rendered":"Mendon\u00e7a Prado profere palestra em Luiz Eduardo Magalh\u00e3es, BA"},"content":{"rendered":"<div id=\"attachment_39432\" style=\"width: 310px\" class=\"wp-caption alignleft\"><a href=\"http:\/\/senoticias.com.br\/se\/wp-content\/uploads\/2012\/09\/DSC_0037.jpg\"><img loading=\"lazy\" decoding=\"async\" aria-describedby=\"caption-attachment-39432\" class=\"size-medium wp-image-39432\" title=\"DSC_0037\" src=\"http:\/\/senoticias.com.br\/se\/wp-content\/uploads\/2012\/09\/DSC_0037-300x183.jpg\" alt=\"\" width=\"300\" height=\"183\" srcset=\"https:\/\/senoticias.com.br\/se\/wp-content\/uploads\/2012\/09\/DSC_0037-300x183.jpg 300w, https:\/\/senoticias.com.br\/se\/wp-content\/uploads\/2012\/09\/DSC_0037-342x208.jpg 342w, https:\/\/senoticias.com.br\/se\/wp-content\/uploads\/2012\/09\/DSC_0037.jpg 495w\" sizes=\"(max-width: 300px) 100vw, 300px\" \/><\/a><p id=\"caption-attachment-39432\" class=\"wp-caption-text\">Mendon\u00e7a Prado - que \u00e9 advogado e especialista em Direito Tribut\u00e1rio - discorreu sobre o papel do poder legislativo no Estado Democr\u00e1tico de Direito e ainda sobre a atual conjuntura pol\u00edtica. (Bruno Moraes)<\/p><\/div>\n<p style=\"text-align: justify;\">O deputado federal Mendon\u00e7a Prado (Democratas\/SE) proferiu palestra nesta quarta-feira, 12, na cidade de Luis Eduardo Magalh\u00e3es, oeste da Bahia, durante a 4\u00aa Semana Jur\u00eddica da Faculdade Arnaldo Hor\u00e1cio Ferreira (FAAHF). Coordenado pelo colegiado de Direito, a SEJUR abordou tem\u00e1ticas sobre as novas perspectivas no Direito contempor\u00e2neo.<\/p>\n<p style=\"text-align: justify;\">Na oportunidade, Mendon\u00e7a Prado &#8211; que \u00e9 advogado e especialista em Direito Tribut\u00e1rio &#8211; discorreu sobre o papel do poder legislativo no Estado Democr\u00e1tico de Direito e ainda sobre a atual conjuntura pol\u00edtica.<\/p>\n<p style=\"text-align: justify;\"><strong>O evento &#8211;<\/strong> que aconteceu no audit\u00f3rio central da Faculdade &#8211; reuniu diversos acad\u00eamicos de direito, ju\u00edzes, procuradores e professores que acompanharam atentos a apresenta\u00e7\u00e3o do parlamentar sergipano.<\/p>\n<p style=\"text-align: justify;\">\u201cFiquei muito feliz de est\u00e1 nesta cidade, cujo nome, homenageia um dos maiores lideres pol\u00edticos do Brasil, o saudoso Luiz Eduardo Magalh\u00e3es, filho do tamb\u00e9m importante ex-governador da Bahia, Ant\u00f4nio Carlos Magalh\u00e3es. N\u00e3o tenho a menor d\u00favida, se vivo estivesse, Luiz Eduardo Magalh\u00e3es j\u00e1 teria ocupado a presid\u00eancia da Rep\u00fablica\u201d, ressaltou Mendon\u00e7a.<\/p>\n<p><strong>Lu\u00eds Eduardo Magalh\u00e3es<\/strong><\/p>\n<p style=\"text-align: justify;\">Localizada no oeste da Bahia, Luiz Eduardo Magalh\u00e3es tem como principal neg\u00f3cio a agricultura. A cidade est\u00e1 localizada no cora\u00e7\u00e3o de uma regi\u00e3o do agroneg\u00f3cio. Como resultado, \u00e9 a cidade que mais cresce no Brasil.<\/p>\n<p style=\"text-align: justify;\">Sua popula\u00e7\u00e3o aumenta exponencialmente. Dados do IBGE apontam que em 2007 a popula\u00e7\u00e3o da cidade era de 44.310 habitantes e em 2011 saltou para 63.290.<\/p>\n<p style=\"text-align: justify;\">A cidade recebeu muitos agricultores do Sul e Sudeste do Brasil, contribuindo para o desenvolvimento econ\u00f4mico e cultural do munic\u00edpio. Al\u00e9m disso, tem sido o lar de algumas comunidades significativas de jovens agricultores internacionais. A cidade tamb\u00e9m \u00e9 uma das mais ricas agr\u00edcolas do Pa\u00eds.<\/p>\n<p><em><strong>Por Vanessa Franco \u2013 Assessoria de Imprensa<\/strong><\/em><\/p>\n","protected":false},"excerpt":{"rendered":"<p>O deputado federal Mendon\u00e7a Prado (Democratas\/SE) proferiu palestra nesta quarta-feira, 12, na cidade de Luis Eduardo Magalh\u00e3es, oeste da Bahia, durante a 4\u00aa Semana Jur\u00eddica da Faculdade Arnaldo Hor\u00e1cio Ferreira (FAAHF). Coordenado pelo colegiado de Direito, a SEJUR abordou tem\u00e1ticas sobre as novas perspectivas no Direito contempor\u00e2neo. Na oportunidade, Mendon\u00e7a Prado &#8211; que \u00e9 advogado [&hellip;]<\/p>\n","protected":false},"author":3,"featured_media":39432,"comment_status":"closed","ping_status":"closed","sticky":false,"template":"","format":"standard","meta":{"footnotes":""},"categories":[6],"tags":[],"class_list":{"0":"post-39431","1":"post","2":"type-post","3":"status-publish","4":"format-standard","5":"has-post-thumbnail","7":"category-politica"},"_links":{"self":[{"href":"https:\/\/senoticias.com.br\/se\/wp-json\/wp\/v2\/posts\/39431"}],"collection":[{"href":"https:\/\/senoticias.com.br\/se\/wp-json\/wp\/v2\/posts"}],"about":[{"href":"https:\/\/senoticias.com.br\/se\/wp-json\/wp\/v2\/types\/post"}],"author":[{"embeddable":true,"href":"https:\/\/senoticias.com.br\/se\/wp-json\/wp\/v2\/users\/3"}],"replies":[{"embeddable":true,"href":"https:\/\/senoticias.com.br\/se\/wp-json\/wp\/v2\/comments?post=39431"}],"version-history":[{"count":0,"href":"https:\/\/senoticias.com.br\/se\/wp-json\/wp\/v2\/posts\/39431\/revisions"}],"wp:featuredmedia":[{"embeddable":true,"href":"https:\/\/senoticias.com.br\/se\/wp-json\/wp\/v2\/media\/39432"}],"wp:attachment":[{"href":"https:\/\/senoticias.com.br\/se\/wp-json\/wp\/v2\/media?parent=39431"}],"wp:term":[{"taxonomy":"category","embeddable":true,"href":"https:\/\/senoticias.com.br\/se\/wp-json\/wp\/v2\/categories?post=39431"},{"taxonomy":"post_tag","embeddable":true,"href":"https:\/\/senoticias.com.br\/se\/wp-json\/wp\/v2\/tags?post=39431"}],"curies":[{"name":"wp","href":"https:\/\/api.w.org\/{rel}","templated":true}]}}