{"id":39430,"date":"2012-09-13T14:44:09","date_gmt":"2012-09-13T17:44:09","guid":{"rendered":"http:\/\/senoticias.com.br\/se\/?p=39430"},"modified":"2012-09-13T23:21:29","modified_gmt":"2012-09-14T02:21:29","slug":"com-reajuste-prefeito-de-estancia-passa-a-ganhar-r-32-mil-e-vereador-r-8-mil","status":"publish","type":"post","link":"https:\/\/senoticias.com.br\/se\/com-reajuste-prefeito-de-estancia-passa-a-ganhar-r-32-mil-e-vereador-r-8-mil\/","title":{"rendered":"Prefeito de Est\u00e2ncia ter\u00e1 sal\u00e1rio de R$ 32 mil em 2013"},"content":{"rendered":"<p>&nbsp;<\/p>\n<p style=\"text-align: justify;\"><a href=\"http:\/\/senoticias.com.br\/se\/wp-content\/uploads\/2011\/04\/Cash.jpg\"><img loading=\"lazy\" decoding=\"async\" class=\"alignleft size-full wp-image-4885\" title=\"Cash\" src=\"http:\/\/senoticias.com.br\/se\/wp-content\/uploads\/2011\/04\/Cash.jpg\" alt=\"\" width=\"200\" height=\"147\" srcset=\"https:\/\/senoticias.com.br\/se\/wp-content\/uploads\/2011\/04\/Cash.jpg 200w, https:\/\/senoticias.com.br\/se\/wp-content\/uploads\/2011\/04\/Cash-60x45.jpg 60w, https:\/\/senoticias.com.br\/se\/wp-content\/uploads\/2011\/04\/Cash-90x65.jpg 90w\" sizes=\"(max-width: 200px) 100vw, 200px\" \/><\/a>Com pouco mais de 65 mil habitantes, o novo sal\u00e1rio do prefeito e dos vereadores do munic\u00edpio de Est\u00e2ncia, tem chamado a aten\u00e7\u00e3o dos moradores, principalmente depois do reajuste que foi aprovado na C\u00e2mara Municipal. Com esse reajuste, secret\u00e1rios municipais, v\u00e3o ganhar a partir do ano que vem, mais que muitos vereadores de outras cidades do estado.<\/p>\n<p style=\"text-align: justify;\">Foi aprovado na C\u00e2mara Municipal de Est\u00e2ncia, na sess\u00e3o realizada no dia 29 de agosto, o projeto de Lei que concede reajuste no sal\u00e1rio do prefeito, vereadores, procurador e secretarios. O projeto que concede o reajuste foi aprovado por nove votos a favor e um contra, j\u00e1 que o vereador Jos\u00e9 domingos Machado Soares, o Dominguinhos do PT se absteve de votar.<\/p>\n<p style=\"text-align: justify;\">Com o novo reajuste, o sal\u00e1rio do prefeito que ir\u00e1 assumir em 2013, passa de R$ 24 mil para R$ 32 mil, tendo sido reajustado em cerca de 40%. Mas o que chamou a aten\u00e7\u00e3o, foi o reajuste \u201cdado\u201d pelos vereadores a eles mesmos. O sal\u00e1rio de um vereador naquele munic\u00edpio que era de R$ 4.953,62, passou para 8.016,00, tendo sido reajustado em cerca de 90%.<\/p>\n<p style=\"text-align: justify;\">O gordo reajuste concedido pela C\u00e2mara tamb\u00e9m beneficiou os secret\u00e1rios municipais, alem do procurador e do vice-prefeito.<\/p>\n<p><strong>Veja como fica os sal\u00e1rios a partir de 2013:<\/strong><\/p>\n<p>Prefeito Municipal: R$ 32.067,76.<\/p>\n<p>Vice- Prefeito Municipal: R$ 21. 378,50<\/p>\n<p>Procurador Geral do Munic\u00edpio: R$ 8.016,94<\/p>\n<p>Secret\u00e1rios Municipais: R$ 8.016,94<\/p>\n<p><em><strong>Munir Darrage com F\u00e1bio Emanuel &#8211; Fax Aju<\/strong><\/em><\/p>\n","protected":false},"excerpt":{"rendered":"<p>&nbsp; Com pouco mais de 65 mil habitantes, o novo sal\u00e1rio do prefeito e dos vereadores do munic\u00edpio de Est\u00e2ncia, tem chamado a aten\u00e7\u00e3o dos moradores, principalmente depois do reajuste que foi aprovado na C\u00e2mara Municipal. Com esse reajuste, secret\u00e1rios municipais, v\u00e3o ganhar a partir do ano que vem, mais que muitos vereadores de outras [&hellip;]<\/p>\n","protected":false},"author":3,"featured_media":4885,"comment_status":"closed","ping_status":"closed","sticky":false,"template":"","format":"standard","meta":{"footnotes":""},"categories":[6],"tags":[],"class_list":{"0":"post-39430","1":"post","2":"type-post","3":"status-publish","4":"format-standard","5":"has-post-thumbnail","7":"category-politica"},"_links":{"self":[{"href":"https:\/\/senoticias.com.br\/se\/wp-json\/wp\/v2\/posts\/39430"}],"collection":[{"href":"https:\/\/senoticias.com.br\/se\/wp-json\/wp\/v2\/posts"}],"about":[{"href":"https:\/\/senoticias.com.br\/se\/wp-json\/wp\/v2\/types\/post"}],"author":[{"embeddable":true,"href":"https:\/\/senoticias.com.br\/se\/wp-json\/wp\/v2\/users\/3"}],"replies":[{"embeddable":true,"href":"https:\/\/senoticias.com.br\/se\/wp-json\/wp\/v2\/comments?post=39430"}],"version-history":[{"count":0,"href":"https:\/\/senoticias.com.br\/se\/wp-json\/wp\/v2\/posts\/39430\/revisions"}],"wp:featuredmedia":[{"embeddable":true,"href":"https:\/\/senoticias.com.br\/se\/wp-json\/wp\/v2\/media\/4885"}],"wp:attachment":[{"href":"https:\/\/senoticias.com.br\/se\/wp-json\/wp\/v2\/media?parent=39430"}],"wp:term":[{"taxonomy":"category","embeddable":true,"href":"https:\/\/senoticias.com.br\/se\/wp-json\/wp\/v2\/categories?post=39430"},{"taxonomy":"post_tag","embeddable":true,"href":"https:\/\/senoticias.com.br\/se\/wp-json\/wp\/v2\/tags?post=39430"}],"curies":[{"name":"wp","href":"https:\/\/api.w.org\/{rel}","templated":true}]}}