{"id":39426,"date":"2012-09-13T11:14:07","date_gmt":"2012-09-13T14:14:07","guid":{"rendered":"http:\/\/senoticias.com.br\/se\/?p=39426"},"modified":"2012-09-13T11:16:31","modified_gmt":"2012-09-13T14:16:31","slug":"fiscalizacao-da-lei-do-descanso-dos-caminhoneiros-e-adiada-por-seis-meses","status":"publish","type":"post","link":"https:\/\/senoticias.com.br\/se\/fiscalizacao-da-lei-do-descanso-dos-caminhoneiros-e-adiada-por-seis-meses\/","title":{"rendered":"Fiscaliza\u00e7\u00e3o da Lei do Descanso dos Caminhoneiros \u00e9 adiada por seis meses"},"content":{"rendered":"<p style=\"text-align: justify;\"><a href=\"http:\/\/senoticias.com.br\/se\/wp-content\/uploads\/2012\/09\/Ca.jpg\"><img loading=\"lazy\" decoding=\"async\" class=\"alignleft size-full wp-image-39427\" title=\"Ca\" src=\"http:\/\/senoticias.com.br\/se\/wp-content\/uploads\/2012\/09\/Ca.jpg\" alt=\"\" width=\"276\" height=\"183\" \/><\/a>Ap\u00f3s uma reuni\u00e3o entre os representantes do Conselho Nacional de Tr\u00e2nsito (CONTRAN), que aconteceu na manh\u00e3 de ontem (12), foi aprovada uma resolu\u00e7\u00e3o condicionando a fiscaliza\u00e7\u00e3o punitiva dos intervalos de descanso \u00e0 exist\u00eancia de condi\u00e7\u00f5es adequadas para tal. De acordo com o Denatran, os minist\u00e9rios dos Transportes e do Trabalho e Emprego publicar\u00e3o em at\u00e9 180 dias, no Di\u00e1rio Oficial da Uni\u00e3o, uma lista com as rodovias que possuem condi\u00e7\u00f5es para a parada de descanso dos motoristas.<\/p>\n<p style=\"text-align: justify;\">A lei 12.619\/2012, em seu artigo 9\u00ba, determina que os locais para pouso devem ter condi\u00e7\u00f5es sanit\u00e1rias e de conforto para o descanso do motorista profissional, com alojamentos, refeit\u00f3rios das empresas ou de terceiros. O dispositivo legal diz ainda que tais condi\u00e7\u00f5es devem estar de acordo com as Normas Regulamentadoras do Minist\u00e9rio do Trabalho e Emprego, dentre outras.<\/p>\n<p style=\"text-align: justify;\">Como n\u00e3o \u00e9 poss\u00edvel \u00e0 PRF definir quais normas precisam ser cumpridas para que haja a fiscaliza\u00e7\u00e3o efetiva, para seu in\u00edcio, \u00e9 necess\u00e1rio que sejam publicados os locais considerados adequados para o descanso.<\/p>\n<p style=\"text-align: justify;\">Em virtude das novas condi\u00e7\u00f5es para a fiscaliza\u00e7\u00e3o, impostas pela nova resolu\u00e7\u00e3o de CONTRAN, os autos de infra\u00e7\u00f5es lavrados (em Sergipe n\u00e3o houve infra\u00e7\u00f5es) devido ao descumprimento do descanso exigido por lei, n\u00e3o ser\u00e3o homologados\/validados, visto que n\u00e3o h\u00e1 efic\u00e1cia pass\u00edvel de gerar efeitos jur\u00eddicos. A PRF, portanto, at\u00e9 que seja publicada a portaria interministerial definindo quais rodovias possuem condi\u00e7\u00f5es adequadas para o descanso dos motoristas, realizar\u00e1 apenas a fiscaliza\u00e7\u00e3o educativa.<\/p>\n<p><strong><em>N\u00facleo de Comunica\u00e7\u00e3o Social<\/em><\/strong><br \/>\n<strong><em> Pol\u00edcia Rodovi\u00e1ria Federal \u2013 Sergipe<\/em><\/strong><\/p>\n","protected":false},"excerpt":{"rendered":"<p>Ap\u00f3s uma reuni\u00e3o entre os representantes do Conselho Nacional de Tr\u00e2nsito (CONTRAN), que aconteceu na manh\u00e3 de ontem (12), foi aprovada uma resolu\u00e7\u00e3o condicionando a fiscaliza\u00e7\u00e3o punitiva dos intervalos de descanso \u00e0 exist\u00eancia de condi\u00e7\u00f5es adequadas para tal. De acordo com o Denatran, os minist\u00e9rios dos Transportes e do Trabalho e Emprego publicar\u00e3o em at\u00e9 [&hellip;]<\/p>\n","protected":false},"author":3,"featured_media":39427,"comment_status":"closed","ping_status":"closed","sticky":false,"template":"","format":"standard","meta":{"footnotes":""},"categories":[7,1],"tags":[],"class_list":{"0":"post-39426","1":"post","2":"type-post","3":"status-publish","4":"format-standard","5":"has-post-thumbnail","7":"category-policia","8":"category-sem-categoria"},"_links":{"self":[{"href":"https:\/\/senoticias.com.br\/se\/wp-json\/wp\/v2\/posts\/39426"}],"collection":[{"href":"https:\/\/senoticias.com.br\/se\/wp-json\/wp\/v2\/posts"}],"about":[{"href":"https:\/\/senoticias.com.br\/se\/wp-json\/wp\/v2\/types\/post"}],"author":[{"embeddable":true,"href":"https:\/\/senoticias.com.br\/se\/wp-json\/wp\/v2\/users\/3"}],"replies":[{"embeddable":true,"href":"https:\/\/senoticias.com.br\/se\/wp-json\/wp\/v2\/comments?post=39426"}],"version-history":[{"count":0,"href":"https:\/\/senoticias.com.br\/se\/wp-json\/wp\/v2\/posts\/39426\/revisions"}],"wp:featuredmedia":[{"embeddable":true,"href":"https:\/\/senoticias.com.br\/se\/wp-json\/wp\/v2\/media\/39427"}],"wp:attachment":[{"href":"https:\/\/senoticias.com.br\/se\/wp-json\/wp\/v2\/media?parent=39426"}],"wp:term":[{"taxonomy":"category","embeddable":true,"href":"https:\/\/senoticias.com.br\/se\/wp-json\/wp\/v2\/categories?post=39426"},{"taxonomy":"post_tag","embeddable":true,"href":"https:\/\/senoticias.com.br\/se\/wp-json\/wp\/v2\/tags?post=39426"}],"curies":[{"name":"wp","href":"https:\/\/api.w.org\/{rel}","templated":true}]}}