{"id":39421,"date":"2012-09-13T08:52:06","date_gmt":"2012-09-13T11:52:06","guid":{"rendered":"http:\/\/senoticias.com.br\/se\/?p=39421"},"modified":"2012-09-14T06:36:35","modified_gmt":"2012-09-14T09:36:35","slug":"machado-rebate-acusacoes-de-valadares-filho-%e2%80%9cquem-mente-nao-pode-ser-prefeito-de-aracaju%e2%80%9d","status":"publish","type":"post","link":"https:\/\/senoticias.com.br\/se\/machado-rebate-acusacoes-de-valadares-filho-%e2%80%9cquem-mente-nao-pode-ser-prefeito-de-aracaju%e2%80%9d\/","title":{"rendered":"Machado rebate acusa\u00e7\u00f5es de Valadares Filho: \u201cQuem mente n\u00e3o pode ser prefeito de Aracaju\u201d"},"content":{"rendered":"<div id=\"attachment_14307\" style=\"width: 269px\" class=\"wp-caption alignleft\"><a href=\"http:\/\/senoticias.com.br\/se\/wp-content\/uploads\/2011\/09\/Machado.jpg\"><img loading=\"lazy\" decoding=\"async\" aria-describedby=\"caption-attachment-14307\" class=\"size-full wp-image-14307\" title=\"Machado\" src=\"http:\/\/senoticias.com.br\/se\/wp-content\/uploads\/2011\/09\/Machado.jpg\" alt=\"\" width=\"259\" height=\"194\" srcset=\"https:\/\/senoticias.com.br\/se\/wp-content\/uploads\/2011\/09\/Machado.jpg 259w, https:\/\/senoticias.com.br\/se\/wp-content\/uploads\/2011\/09\/Machado-60x45.jpg 60w, https:\/\/senoticias.com.br\/se\/wp-content\/uploads\/2011\/09\/Machado-150x113.jpg 150w\" sizes=\"(max-width: 259px) 100vw, 259px\" \/><\/a><p id=\"caption-attachment-14307\" class=\"wp-caption-text\">A previs\u00e3o de Jos\u00e9 Carlos Machado \u00e9 de que o candidato Jo\u00e3o Alves vai priorizar as obras nos bairros onde h\u00e1 maior concentra\u00e7\u00e3o de popula\u00e7\u00e3o carente. (Reprodu\u00e7\u00e3o)<\/p><\/div>\n<p style=\"text-align: justify;\">\u201cQuem mente n\u00e3o pode ser prefeito de uma cidade como Aracaju. O deputado federal Valadares Filho, apoiado pelo governador do estado, Marcelo Deda e pelo prefeito da capital, Edvaldo Nogueira, est\u00e1 ofendendo a intelig\u00eancia dos eleitores aracajuanos\u201d. A afirma\u00e7\u00e3o \u00e9 do candidato a vice-prefeito na chapa encabe\u00e7ada pelo candidato a prefeito, Jo\u00e3o Alves Filho, o ex-deputado Jos\u00e9 Carlos Machado, em resposta \u00e0s acusa\u00e7\u00f5es feitas pelo candidato governista de que ele estaria querendo dividir Aracaju.<\/p>\n<p style=\"text-align: justify;\">Machado entende que o candidato Valadares Filho aposta na ignor\u00e2ncia e na falta de conhecimento do eleitor quanto \u00e0 realidade dos fato mas, na pr\u00e1tica, os moradores da zona de expans\u00e3o de Aracaju estariam decididos a votar em Jo\u00e3o Alve. \u201cA farsa foi desmontada e o povo vai eleger Jo\u00e3o no primeiro turno\u201d, garantiu o candidato democrata.<\/p>\n<p style=\"text-align: justify;\">\u201cA prioridade do ex-governador, de acordo com o seu programa de governo &#8211; afian\u00e7ou Machado &#8211; \u00e9 dotar a zona de expans\u00e3o com infraestrutura, um projeto de macrodrenagem e a execu\u00e7\u00e3o de obras elencadas no Plano Estrat\u00e9gico de Desenvolvimento Urbano. \u201cVou ajudar Jo\u00e3o a abrir ruas e avenidas, levar saneamento e oferecer vida digna aos moradores desse bairro t\u00e3o castigado pelo prefeito Edvaldo Nogueira\u201d, assegurou Machado.<\/p>\n<p style=\"text-align: justify;\">A previs\u00e3o de Jos\u00e9 Carlos Machado \u00e9 de que o candidato Jo\u00e3o Alves vai priorizar as obras nos bairros onde h\u00e1 maior concentra\u00e7\u00e3o de popula\u00e7\u00e3o carente. \u201cVamos fazer uma administra\u00e7\u00e3o voltada para devolver a alegria ao povo humilde da capital e o bairro Santa Maria, assim como toda a zona de expans\u00e3o de Aracaju, abandonados pela atual administra\u00e7\u00e3o ser\u00e3o contemplados no projeto de desenvolvimento estrat\u00e9gico de Jo\u00e3o\u201d.<\/p>\n<p style=\"text-align: justify;\"><strong>Do Comit\u00ea de Imprensa do candidato<\/strong><\/p>\n","protected":false},"excerpt":{"rendered":"<p>\u201cQuem mente n\u00e3o pode ser prefeito de uma cidade como Aracaju. O deputado federal Valadares Filho, apoiado pelo governador do estado, Marcelo Deda e pelo prefeito da capital, Edvaldo Nogueira, est\u00e1 ofendendo a intelig\u00eancia dos eleitores aracajuanos\u201d. A afirma\u00e7\u00e3o \u00e9 do candidato a vice-prefeito na chapa encabe\u00e7ada pelo candidato a prefeito, Jo\u00e3o Alves Filho, o [&hellip;]<\/p>\n","protected":false},"author":3,"featured_media":14307,"comment_status":"closed","ping_status":"closed","sticky":false,"template":"","format":"standard","meta":{"footnotes":""},"categories":[6],"tags":[],"class_list":{"0":"post-39421","1":"post","2":"type-post","3":"status-publish","4":"format-standard","5":"has-post-thumbnail","7":"category-politica"},"_links":{"self":[{"href":"https:\/\/senoticias.com.br\/se\/wp-json\/wp\/v2\/posts\/39421"}],"collection":[{"href":"https:\/\/senoticias.com.br\/se\/wp-json\/wp\/v2\/posts"}],"about":[{"href":"https:\/\/senoticias.com.br\/se\/wp-json\/wp\/v2\/types\/post"}],"author":[{"embeddable":true,"href":"https:\/\/senoticias.com.br\/se\/wp-json\/wp\/v2\/users\/3"}],"replies":[{"embeddable":true,"href":"https:\/\/senoticias.com.br\/se\/wp-json\/wp\/v2\/comments?post=39421"}],"version-history":[{"count":0,"href":"https:\/\/senoticias.com.br\/se\/wp-json\/wp\/v2\/posts\/39421\/revisions"}],"wp:featuredmedia":[{"embeddable":true,"href":"https:\/\/senoticias.com.br\/se\/wp-json\/wp\/v2\/media\/14307"}],"wp:attachment":[{"href":"https:\/\/senoticias.com.br\/se\/wp-json\/wp\/v2\/media?parent=39421"}],"wp:term":[{"taxonomy":"category","embeddable":true,"href":"https:\/\/senoticias.com.br\/se\/wp-json\/wp\/v2\/categories?post=39421"},{"taxonomy":"post_tag","embeddable":true,"href":"https:\/\/senoticias.com.br\/se\/wp-json\/wp\/v2\/tags?post=39421"}],"curies":[{"name":"wp","href":"https:\/\/api.w.org\/{rel}","templated":true}]}}