{"id":39414,"date":"2012-09-12T19:14:05","date_gmt":"2012-09-12T22:14:05","guid":{"rendered":"http:\/\/senoticias.com.br\/se\/?p=39414"},"modified":"2012-09-12T22:04:02","modified_gmt":"2012-09-13T01:04:02","slug":"apple-apresenta-iphone-5-maior-mais-rapido-e-mais-leve","status":"publish","type":"post","link":"https:\/\/senoticias.com.br\/se\/apple-apresenta-iphone-5-maior-mais-rapido-e-mais-leve\/","title":{"rendered":"Apple apresenta iPhone 5, maior, mais r\u00e1pido e mais leve"},"content":{"rendered":"<p><strong>Novo smartphone tem tela de 4 polegadas com resolu\u00e7\u00e3o de 1.136 x 640 pixels e oferece acesso \u00e0 rede 4G. Pre\u00e7os s\u00e3o os mesmos da vers\u00e3o 4S<\/strong><\/p>\n<div id=\"attachment_39415\" style=\"width: 310px\" class=\"wp-caption alignleft\"><a href=\"http:\/\/senoticias.com.br\/se\/wp-content\/uploads\/2012\/09\/apple-anuncio-iphone-5-yerba-buena-center-20120912-20-size-598.jpg\"><img loading=\"lazy\" decoding=\"async\" aria-describedby=\"caption-attachment-39415\" class=\"size-medium wp-image-39415\" title=\"apple-anuncio-iphone-5-yerba-buena-center-20120912-20-size-598\" src=\"http:\/\/senoticias.com.br\/se\/wp-content\/uploads\/2012\/09\/apple-anuncio-iphone-5-yerba-buena-center-20120912-20-size-598-300x168.jpg\" alt=\"\" width=\"300\" height=\"168\" srcset=\"https:\/\/senoticias.com.br\/se\/wp-content\/uploads\/2012\/09\/apple-anuncio-iphone-5-yerba-buena-center-20120912-20-size-598-300x168.jpg 300w, https:\/\/senoticias.com.br\/se\/wp-content\/uploads\/2012\/09\/apple-anuncio-iphone-5-yerba-buena-center-20120912-20-size-598-342x192.jpg 342w, https:\/\/senoticias.com.br\/se\/wp-content\/uploads\/2012\/09\/apple-anuncio-iphone-5-yerba-buena-center-20120912-20-size-598.jpg 597w\" sizes=\"(max-width: 300px) 100vw, 300px\" \/><\/a><p id=\"caption-attachment-39415\" class=\"wp-caption-text\">Tim Cook CEO da Apple fala durante evento no Yerba Buena Center for Arts, em S\u00e3o Francisco, Calif\u00f3rnia, anunciando as novidades da empresa - Back Diefenbach\/Reuters<\/p><\/div>\n<p style=\"text-align: justify;\">A Apple apresenta seu novo modelo de iPhone nesta quarta-feira. Tim Cook, o CEO da companhia, junto com Phil Schiller, vice-presidente de marketing de produtos, sobem ao palco do Yerba Buena Center, em S\u00e3o Francisco, na Calif\u00f3rnia, para apresentar um dispositivo que tem a obriga\u00e7\u00e3o de se manter inovador. Acompanhe a seguir os detalhes da apresenta\u00e7\u00e3o.<\/p>\n<p style=\"text-align: justify;\">14h10: Tim Cook sobe ao palco e diz que &#8220;a Apple tem diversas novidades para o dia&#8221;. Para come\u00e7ar, informa que mais de sete milh\u00f5es de Macs foram atualizados com o sistema operacional Mac OS X.<\/p>\n<p style=\"text-align: justify;\">14h12: Sobre o iPad: s\u00f3 em abril, foram vendidos mais de 17 milh\u00f5es de aparelhos. &#8220;As vendas dos nossos iPads no \u00faltimo trimestre superaram as de computadores das demais companhias de hardware&#8221;, afirma Cook.<\/p>\n<p style=\"text-align: justify;\"><strong>14h19:<\/strong> Tim Cook apresenta o iPhone 5, 18% mais fino do que o modelo atual. Ele pesa 112 gramas, e \u00e9 20% mais leve do que o modelo 4S. O aparelho ser\u00e1 vendido em duas cores: branco e preto.<\/p>\n<p style=\"text-align: justify;\"><strong>14h21:<\/strong> O sistema Retina Display do iPhone 5 apresenta 326 pontos por polegada em uma tela maior, de 4 polegadas. A resolu\u00e7\u00e3o \u00e9 de 1.136 x 640 pixels. Isso garante uma fileira a mais de aplicativos. Sim, o iPhone 5 \u00e9 mais comprido do que o atual.<\/p>\n<p style=\"text-align: justify;\"><strong>14h24:<\/strong> Como esperado, al\u00e9m da rede 3G, o iPhone 5 tamb\u00e9m \u00e9 capaz de se conectar \u00e0s redes 4G.<\/p>\n<p style=\"text-align: justify;\"><strong>14h25:<\/strong> O iPhone 5 utiliza o novo chip A6 da companhia, que \u00e9 duas vezes mais r\u00e1pido do que o modelo A5, usado na vers\u00e3o anterior. Isso vale para os gr\u00e1ficos tamb\u00e9m.<\/p>\n<p style=\"text-align: justify;\"><strong>14h27:<\/strong> Neste momento, um dos engenheiros da Apple faz uma demosntra\u00e7\u00e3o de jogos no aparelho. O t\u00edtulo escolhido foi o &#8220;Real Racing 3&#8221;.<\/p>\n<p style=\"text-align: justify;\"><strong>14h30:<\/strong> Rob Murray, representante da desenvolvedora de jogos Electronic Arts, afirmou que a qualidade da tela do iPhone 5 \u00e9 compat\u00edvel com a de consoles.<\/p>\n<p style=\"text-align: justify;\"><strong>14:31:<\/strong> A c\u00e2mera traseira do iPhone 5 tem 8 megapixels, filtro infravermelho e modo di\u00e2mico para pouca luz. Ela faz ainda fotos panor\u00e2micas.<\/p>\n<p><strong>14h33:<\/strong> A bateria tem autonomia m\u00e9dia de 8 horas no modo 4G, e 10 horas usando a rede Wi-Fi.<\/p>\n<p><strong>14h37:<\/strong> O novo smartphone possui tr\u00eas microfones: dois na parte superior e um na inferior.<\/p>\n<p><strong>14h38:<\/strong> O conector do aparelho diminuiu: ficou 80% mais fino que o atual.<\/p>\n<p style=\"text-align: justify;\"><strong>14h43:<\/strong> Equipe da Apple come\u00e7a a apresentar o iPhone 5 rodando o sistema iOS 6, vers\u00e3o mais recente do sistema operacional para dispositivos m\u00f3veis da companhia.<\/p>\n<p style=\"text-align: justify;\"><strong>14h44:<\/strong> O sistema de mapas da Apple foi o primeiro recurso do iOS a ser apresentado: ele oferece visualiza\u00e7\u00e3o de ruas em 3D &#8211; \u00e9 bastante similar ao Google Maps.<\/p>\n<p style=\"text-align: justify;\"><strong>14h48:<\/strong> O compartilhamento de fotos ficou mais simples com o novo sistema operacional m\u00f3vel. O usu\u00e1rio pode selecionar as fotos de sua galeria e definir para qual rede social quer enviar. O recurso \u00e9 semelhante ao padr\u00e3o adotado pelo aplicativo Instagram.<\/p>\n<p style=\"text-align: justify;\"><strong>14h49:<\/strong> O assistente pessoal Siri, que responde a comandos de voz, passa a entender mais sobre cinema, oferecendo detalhes de filmes como notas e cr\u00edticas. Esse \u00e9 o \u00fanico avan\u00e7o not\u00e1vel do servi\u00e7o.<\/p>\n<p><strong>14h53:<\/strong> Phil Schiller, vice-presidente de marketing da Apple, sobe ao palco para apresentar um v\u00eddeo promocional do iPhone 5.<\/p>\n<p style=\"text-align: justify;\"><strong>15h00:<\/strong> Scott Forstall, vice-presidente de software m\u00f3vel da Apple, diz que existe uma forte integra\u00e7\u00e3o entre hadrware e software no iPhone 5. Isso aumenta o desempenho do aparelho, incluindo durante as chamadas de v\u00eddeo.<\/p>\n<p style=\"text-align: justify;\"><strong>15h01:<\/strong> Os pre\u00e7os do iPhone 5 s\u00e3o os mesmos cobrados pela vers\u00e3o 4S: 199 d\u00f3lares pelo modelo de 16 GB, 299 d\u00f3lares pelo de 32 GB e 399 d\u00f3lares pelo de 64 GB. Os valores se referem a aparalhos comprados sob contrato de dois anos com as operadoras dos EUA. A pr\u00e9-venda come\u00e7a no dia 14. No dia 21, ele estar\u00e1 dispon\u00edvel nas lojas dos Estados Unidos, Canad\u00e1, Gr\u00e3-Bretanha, Fran\u00e7a, Alemanha, Austr\u00e1lia, Jap\u00e3o, Hong Kong e Singapura. A partir do dia 28, mais cem pa\u00edses v\u00e3o receber o aparelho.<\/p>\n<p><strong>15h05:<\/strong> Tim Cook: &#8220;Este lan\u00e7amento \u00e9 a melhor coisa que aconteceu com o iPhone desde sua cria\u00e7\u00e3o.&#8221;<\/p>\n<p style=\"text-align: justify;\"><strong>15h07:<\/strong> Eddy Cue, vice-presidente de servi\u00e7os da Apple, sobe ao palco para falar sobre novidades no iPod, o reprodutor de m\u00eddia, e na iTunes, loja virtual da marca.<\/p>\n<p><strong>15h08:<\/strong> A loja est\u00e1 presente em 63 pa\u00edses, e dois ter\u00e7os dos downloads feitos ali utilizam dispositivos da Apple.<\/p>\n<p><strong>15h09:<\/strong> A interface da iTunes ganha um novo design e permite que o usu\u00e1rio escute amostras de fonogramas enquanto pesquisa produtos.<\/p>\n<p><strong>15h09:<\/strong> O iOS 6 estar\u00e1 dispon\u00edvel a partir do dia 19 de setembro para iPhones, iPods Touch e iPads.<\/p>\n<p><strong>15h13:<\/strong> Sobre os servi\u00e7os em nuvem, a Apple afirma que existem mais de 200 milh\u00f5es de pessoas cadastradas no iCloud.<\/p>\n<p><strong>15h16:<\/strong> Greg Joswiak, vice-presidente de iPod, iPhone e iOS, sobe ao palco para apresentar novidades sobre o player de m\u00eddia iPod.<\/p>\n<p style=\"text-align: justify;\"><strong>15h19:<\/strong> O iPod Nano ficou mais alto e 38% mais fino; possui tela de 2,5 polegadas. O dispositivo tamb\u00e9m ganhou um bot\u00e3o &#8220;home&#8221;: ou seja, tornou-se um pequeno iPhone. Desde sua cria\u00e7\u00e3o, em 2001, j\u00e1 foram vendidos mais de 350 milh\u00f5es de iPods em todo o mundo.<\/p>\n<p><strong>15h20:<\/strong> O iPod Nano \u00e9 oferecido em sete cores. As grandes novidades? R\u00e1dio FM e recurso Bluetooth.<\/p>\n<p><strong>15h23:<\/strong> O novo iPod Touch tem apenas 6,1 mil\u00edmetros de espessura, com fundo feito em alum\u00ednio, e pesa s\u00f3 88 gramas. Ele usa o processador A5. Significa que o aparelho oferecer\u00e1 jogos mais avan\u00e7ados.<\/p>\n<p><strong>15h30:<\/strong> O iPod Touch ganhou c\u00e2mera de 5 megapixels, com todos os recursos da vers\u00e3o utilizada no iPhone 5.<\/p>\n<p><strong>15h33:<\/strong> O iPod Touch tamb\u00e9m ganhou suporte ao AirPlay, servi\u00e7o que permite transmitir as imagens do aparelho para a Apple TV. Ele tamb\u00e9m ser\u00e1 vendido em cinco cores: prateado, preto, azul, verde e vermelho.<\/p>\n<p><strong>15h36:<\/strong> Os fones de ouvido da Apple tamb\u00e9m mudaram, ganhando formas ovaladas: se parecem mais com pequenos secadores de cabelos.<\/p>\n<p><strong>15h39:<\/strong> O iPod Shuffle custar\u00e1 49 d\u00f3lares, enquanto que o Nano ser\u00e1 vendido por 149 d\u00f3lares. Os iPods Touch de 16 GB e 32 GB ser\u00e3o vendidos por 199 e 299 d\u00f3lares, respectivamente.<\/p>\n<p><strong>15h41:<\/strong> Tim Cook volta ao palco para mais um elogio ao pr\u00f3prio trabalho: &#8220;Apenas a Apple pode fazer uma coisa dessas. Nunca estivemos t\u00e3o fortes. E isso \u00e9 m\u00e9rito de nossos funcion\u00e1rios. Eles est\u00e3o fazendo o melhor trabalho de suas vidas.&#8221;<\/p>\n<p><strong>15h43:<\/strong> A banda Foo Fighters entra no palco para uma apresenta\u00e7\u00e3o.<\/p>\n<p><strong>15h58:<\/strong> Encerrada a apresenta\u00e7\u00e3o, Tim Cook sobe ao placo para agradecer pela presen\u00e7a de todos. \u00c9 o fim do evento.<\/p>\n<p style=\"text-align: justify;\"><a href=\"  http:\/\/veja.abril.com.br\/noticia\/vida-digital\/apple-apresenta-seu-novo-iphone\" target=\"_blank\"><strong>Clique aqui e veja a mat\u00e9ria completa<\/strong><\/a><\/p>\n","protected":false},"excerpt":{"rendered":"<p>Novo smartphone tem tela de 4 polegadas com resolu\u00e7\u00e3o de 1.136 x 640 pixels e oferece acesso \u00e0 rede 4G. Pre\u00e7os s\u00e3o os mesmos da vers\u00e3o 4S A Apple apresenta seu novo modelo de iPhone nesta quarta-feira. Tim Cook, o CEO da companhia, junto com Phil Schiller, vice-presidente de marketing de produtos, sobem ao palco [&hellip;]<\/p>\n","protected":false},"author":3,"featured_media":39415,"comment_status":"closed","ping_status":"closed","sticky":false,"template":"","format":"standard","meta":{"footnotes":""},"categories":[38],"tags":[],"class_list":{"0":"post-39414","1":"post","2":"type-post","3":"status-publish","4":"format-standard","5":"has-post-thumbnail","7":"category-municipios"},"_links":{"self":[{"href":"https:\/\/senoticias.com.br\/se\/wp-json\/wp\/v2\/posts\/39414"}],"collection":[{"href":"https:\/\/senoticias.com.br\/se\/wp-json\/wp\/v2\/posts"}],"about":[{"href":"https:\/\/senoticias.com.br\/se\/wp-json\/wp\/v2\/types\/post"}],"author":[{"embeddable":true,"href":"https:\/\/senoticias.com.br\/se\/wp-json\/wp\/v2\/users\/3"}],"replies":[{"embeddable":true,"href":"https:\/\/senoticias.com.br\/se\/wp-json\/wp\/v2\/comments?post=39414"}],"version-history":[{"count":0,"href":"https:\/\/senoticias.com.br\/se\/wp-json\/wp\/v2\/posts\/39414\/revisions"}],"wp:featuredmedia":[{"embeddable":true,"href":"https:\/\/senoticias.com.br\/se\/wp-json\/wp\/v2\/media\/39415"}],"wp:attachment":[{"href":"https:\/\/senoticias.com.br\/se\/wp-json\/wp\/v2\/media?parent=39414"}],"wp:term":[{"taxonomy":"category","embeddable":true,"href":"https:\/\/senoticias.com.br\/se\/wp-json\/wp\/v2\/categories?post=39414"},{"taxonomy":"post_tag","embeddable":true,"href":"https:\/\/senoticias.com.br\/se\/wp-json\/wp\/v2\/tags?post=39414"}],"curies":[{"name":"wp","href":"https:\/\/api.w.org\/{rel}","templated":true}]}}