{"id":39411,"date":"2012-09-12T18:58:44","date_gmt":"2012-09-12T21:58:44","guid":{"rendered":"http:\/\/senoticias.com.br\/se\/?p=39411"},"modified":"2012-09-12T19:00:49","modified_gmt":"2012-09-12T22:00:49","slug":"oficial-marcelo-oliveira-e-confirmado-como-novo-tecnico-do-vasco","status":"publish","type":"post","link":"https:\/\/senoticias.com.br\/se\/oficial-marcelo-oliveira-e-confirmado-como-novo-tecnico-do-vasco\/","title":{"rendered":"Oficial: Marcelo Oliveira \u00e9 confirmado como novo t\u00e9cnico do Vasco"},"content":{"rendered":"<p>&nbsp;<\/p>\n<div id=\"attachment_39412\" style=\"width: 310px\" class=\"wp-caption alignleft\"><a href=\"http:\/\/senoticias.com.br\/se\/wp-content\/uploads\/2012\/09\/Marcelo-Oliveira.jpg\"><img loading=\"lazy\" decoding=\"async\" aria-describedby=\"caption-attachment-39412\" class=\"size-full wp-image-39412\" title=\"Marcelo Oliveira\" src=\"http:\/\/senoticias.com.br\/se\/wp-content\/uploads\/2012\/09\/Marcelo-Oliveira.jpg\" alt=\"\" width=\"300\" height=\"230\" srcset=\"https:\/\/senoticias.com.br\/se\/wp-content\/uploads\/2012\/09\/Marcelo-Oliveira.jpg 300w, https:\/\/senoticias.com.br\/se\/wp-content\/uploads\/2012\/09\/Marcelo-Oliveira-60x45.jpg 60w\" sizes=\"(max-width: 300px) 100vw, 300px\" \/><\/a><p id=\"caption-attachment-39412\" class=\"wp-caption-text\">Marcelo Oliveira comandar\u00e1 seu primeiro treino na quinta (Foto: Gabriel Hamilko \/ GloboEsporte.com)<\/p><\/div>\n<p style=\"text-align: justify;\">Depois de uma r\u00e1pida negocia\u00e7\u00e3o, a diretoria do Vasco anunciou nesta quarta-feira, atrav\u00e9s do site oficial do clube, a contrata\u00e7\u00e3o do t\u00e9cnico Marcelo Oliveira. Ele chega para substituir Crist\u00f3v\u00e3o Borges, que pediu demiss\u00e3o na segunda-feira. Oliveira, de 57 anos, desembarcou no Rio de Janeiro nesta manh\u00e3 para se reunir com dirigentes cruz-maltinos, e o acerto foi r\u00e1pido. O novo comandante assinou contrato at\u00e9 dezembro de 2013 e ser\u00e1 apresentado nesta quinta, ap\u00f3s o treino, em S\u00e3o Janu\u00e1rio.<\/p>\n<p style=\"text-align: justify;\">Na partida contra o Palmeiras, \u00e0s 22h desta quarta-feira, em S\u00e3o Janu\u00e1rio, o interino Ga\u00facho ficar\u00e1 no banco de reservas. Mas Marcelo Oliveira estar\u00e1 no est\u00e1dio e acompanhar\u00e1 o duelo do gabinete da presid\u00eancia. A expectativa \u00e9 de que ele se encontre com os jogadores antes de a bola rolar. Sua comiss\u00e3o t\u00e9cnica tamb\u00e9m comp\u00f5e a nova linha de frente da Colina: o auxiliar t\u00e9cnico Cleocir dos Santos, o Tico, e o preparador f\u00edsico Juvenilson de Souza.<\/p>\n<p style=\"text-align: justify;\">Marcelo se destacou no comando do Coritiba, onde ficou de janeiro de 2011 at\u00e9 o \u00faltimo dia 6, quando foi demitido. No Coxa, o treinador conquistou o bicampeonato paranaense e foi duas vezes vice-campe\u00e3o da Copa do Brasil, a primeira delas, em 2011, perdendo para o Vasco na final. Ele tamb\u00e9m passou por Atl\u00e9tico-MG, CRB, Ipatinga e Paran\u00e1. Como jogador, entre as d\u00e9cadas de 70 e 80, defendeu o Galo, o Botafogo e at\u00e9 a Sele\u00e7\u00e3o, entre outros.<\/p>\n<p style=\"text-align: justify;\">Horas depois da sa\u00edda de Crist\u00f3v\u00e3o Borges, que assumira a vaga de Ricardo Gomes na ocasi\u00e3o do AVC, em agosto de 2011, Ren\u00e9 Sim\u00f5es, que est\u00e1 na base no S\u00e3o Paulo, foi sondado, mas n\u00e3o foi liberado. Nomes de Joel Santana e at\u00e9 Dunga chegaram ser citados, mas foram descartados, abrindo caminho para Oliveira, que teve alta aceita\u00e7\u00e3o e estava dispon\u00edvel.<\/p>\n<p style=\"text-align: justify;\">&#8211; Tudo que ele fez no Coritiba o credenciou para isso. Isso \u00e9 normal no futebol. Caiu um treinador e buscamos outro. A busca foi r\u00e1pida, mas espero que ele tenha sucesso. Ele ter\u00e1 todo o respaldo do Vasco no trabalho &#8211; garantiu o presidente Roberto Dinamite, \u00e0 R\u00e1dio Brasil.<\/p>\n<p><strong>Confira detalhes da carreira de Marcelo Oliveira como treinador:<\/strong><\/p>\n<p>2003 \u2013 2007 \u2013 Atl\u00e9tico-MG (Categorias de Base)<br \/>\n2007 \u2013 CRB<br \/>\n2008 \u2013 Atl\u00e9tico-MG<br \/>\n2009 \u2013 Ipatinga<br \/>\n2010 \u2013 Paran\u00e1<br \/>\n2011 \u2013 2012 \u2013 Coritiba<br \/>\n2012 \u2013 Vasco<\/p>\n<p><strong>T\u00edtulos como treinador:<\/strong><\/p>\n<p>2009 &#8211; Campe\u00e3o Estadual S\u00e9rie B \u2013 Ipatinga<br \/>\n2011 \u2013 Campe\u00e3o Estadual \u2013 Coritiba<br \/>\n2012 \u2013 Campe\u00e3o Estadual \u2013 Coritiba<br \/>\n<em><strong>Por GLOBOESPORTE.COM Rio de Janeiro<\/strong><\/em><\/p>\n","protected":false},"excerpt":{"rendered":"<p>&nbsp; Depois de uma r\u00e1pida negocia\u00e7\u00e3o, a diretoria do Vasco anunciou nesta quarta-feira, atrav\u00e9s do site oficial do clube, a contrata\u00e7\u00e3o do t\u00e9cnico Marcelo Oliveira. Ele chega para substituir Crist\u00f3v\u00e3o Borges, que pediu demiss\u00e3o na segunda-feira. Oliveira, de 57 anos, desembarcou no Rio de Janeiro nesta manh\u00e3 para se reunir com dirigentes cruz-maltinos, e o [&hellip;]<\/p>\n","protected":false},"author":3,"featured_media":39412,"comment_status":"closed","ping_status":"closed","sticky":false,"template":"","format":"standard","meta":{"footnotes":""},"categories":[39,8],"tags":[],"class_list":{"0":"post-39411","1":"post","2":"type-post","3":"status-publish","4":"format-standard","5":"has-post-thumbnail","7":"category-esporte","8":"category-esporte-e-cultura"},"_links":{"self":[{"href":"https:\/\/senoticias.com.br\/se\/wp-json\/wp\/v2\/posts\/39411"}],"collection":[{"href":"https:\/\/senoticias.com.br\/se\/wp-json\/wp\/v2\/posts"}],"about":[{"href":"https:\/\/senoticias.com.br\/se\/wp-json\/wp\/v2\/types\/post"}],"author":[{"embeddable":true,"href":"https:\/\/senoticias.com.br\/se\/wp-json\/wp\/v2\/users\/3"}],"replies":[{"embeddable":true,"href":"https:\/\/senoticias.com.br\/se\/wp-json\/wp\/v2\/comments?post=39411"}],"version-history":[{"count":0,"href":"https:\/\/senoticias.com.br\/se\/wp-json\/wp\/v2\/posts\/39411\/revisions"}],"wp:featuredmedia":[{"embeddable":true,"href":"https:\/\/senoticias.com.br\/se\/wp-json\/wp\/v2\/media\/39412"}],"wp:attachment":[{"href":"https:\/\/senoticias.com.br\/se\/wp-json\/wp\/v2\/media?parent=39411"}],"wp:term":[{"taxonomy":"category","embeddable":true,"href":"https:\/\/senoticias.com.br\/se\/wp-json\/wp\/v2\/categories?post=39411"},{"taxonomy":"post_tag","embeddable":true,"href":"https:\/\/senoticias.com.br\/se\/wp-json\/wp\/v2\/tags?post=39411"}],"curies":[{"name":"wp","href":"https:\/\/api.w.org\/{rel}","templated":true}]}}