{"id":39405,"date":"2012-09-12T17:48:17","date_gmt":"2012-09-12T20:48:17","guid":{"rendered":"http:\/\/senoticias.com.br\/se\/?p=39405"},"modified":"2012-09-13T11:22:29","modified_gmt":"2012-09-13T14:22:29","slug":"presos-em-propria-acusados-de-estuprar-e-matar-garota-de-2-anos","status":"publish","type":"post","link":"https:\/\/senoticias.com.br\/se\/presos-em-propria-acusados-de-estuprar-e-matar-garota-de-2-anos\/","title":{"rendered":"Presos em Propri\u00e1 acusados de estuprar e matar garota de 2 anos"},"content":{"rendered":"<div id=\"attachment_39429\" style=\"width: 310px\" class=\"wp-caption alignleft\"><a href=\"http:\/\/senoticias.com.br\/se\/wp-content\/uploads\/2012\/09\/coletiva2.jpg\"><img loading=\"lazy\" decoding=\"async\" aria-describedby=\"caption-attachment-39429\" class=\"size-medium wp-image-39429\" title=\"coletiva2\" src=\"http:\/\/senoticias.com.br\/se\/wp-content\/uploads\/2012\/09\/coletiva2-300x169.jpg\" alt=\"\" width=\"300\" height=\"169\" srcset=\"https:\/\/senoticias.com.br\/se\/wp-content\/uploads\/2012\/09\/coletiva2-300x169.jpg 300w, https:\/\/senoticias.com.br\/se\/wp-content\/uploads\/2012\/09\/coletiva2-342x192.jpg 342w, https:\/\/senoticias.com.br\/se\/wp-content\/uploads\/2012\/09\/coletiva2.jpg 600w\" sizes=\"(max-width: 300px) 100vw, 300px\" \/><\/a><p id=\"caption-attachment-39429\" class=\"wp-caption-text\">Dupla \u00e9 acusada de estuprar e matar crian\u00e7a de 2 anos.(Foto: SSP\/SE)<\/p><\/div>\n<p style=\"text-align: justify;\">A Delegacia Regional da cidade de Propri\u00e1, sob a coordena\u00e7\u00e3o dos delegados F\u00e1bio Santana e Cledson Ferreira, elucidou na manh\u00e3 desta quarta-feira, 12, um crime b\u00e1rbaro que chocou a popula\u00e7\u00e3o do munic\u00edpio e que teve como v\u00edtima Bruna Vit\u00f3ria da Silva de 2 anos.<\/p>\n<p style=\"text-align: justify;\">Segundo o delegado F\u00e1bio Santana, na noite do \u00faltimo dia 5 chegou a informa\u00e7\u00e3o do desaparecimento da garotinha. De acordo com o depoimento da m\u00e3e, ela juntamente com a v\u00edtima e o av\u00f4 paterno foram at\u00e9 uma mercearia nas proximidades da localidade conhecida como campo do Jo\u00e3o Alves. &#8220;A m\u00e3e disse que quando chegou ao local retornou para casa para pegar uma balan\u00e7a que havia esquecido. Na ocasi\u00e3o, a garotinha foi a procura da m\u00e3e, desaparecendo&#8221;, explicou Santana.<\/p>\n<p style=\"text-align: justify;\">Ap\u00f3s o fato, a Pol\u00edcia Civil iniciou as investiga\u00e7\u00f5es com o intuito de encontrar a crian\u00e7a. No s\u00e1bado, 8, um morador da localidade, onde a v\u00edtima desapareceu localizou um corpo de uma crian\u00e7a \u00e0s margens de uma lagoa. Os familiares foram at\u00e9 o local e identificaram o corpo. &#8220;Com a realiza\u00e7\u00e3o da per\u00edcia em local de morte violenta foi constatado que a menor havia sido violentada sexualmente e que os agressores haviam quebrado os seus bra\u00e7os e pernas, havendo hematomas por todo o corpo&#8221;, detalhou o delegado.<\/p>\n<p style=\"text-align: justify;\">As investiga\u00e7\u00f5es prosseguiram e os suspeitos foram identificados. Foram representadas as pris\u00f5es que foram deferidas pelo Poder Judici\u00e1rio e cumpridas pela Pol\u00edcia Civil de Propri\u00e1 na manh\u00e3 desta quarta-feira. Foram presos: Jos\u00e9 Aparecido dos Santos, 32 anos, vulgo &#8220;Z\u00e9&#8221;, que responde por crime de furto qualificado e \u00e9 suspeito, tamb\u00e9m, de ter estuprado a pr\u00f3pria filha; e Joseano Fernandes dos Santos, conhecido como &#8220;Pel\u00e9&#8221;. Os dois foram indiciados pelo crime de estupro de vulner\u00e1vel seguido de morte e est\u00e3o \u00e0 disposi\u00e7\u00e3o do Poder Judici\u00e1rio.<\/p>\n","protected":false},"excerpt":{"rendered":"<p>A Delegacia Regional da cidade de Propri\u00e1, sob a coordena\u00e7\u00e3o dos delegados F\u00e1bio Santana e Cledson Ferreira, elucidou na manh\u00e3 desta quarta-feira, 12, um crime b\u00e1rbaro que chocou a popula\u00e7\u00e3o do munic\u00edpio e que teve como v\u00edtima Bruna Vit\u00f3ria da Silva de 2 anos. Segundo o delegado F\u00e1bio Santana, na noite do \u00faltimo dia 5 [&hellip;]<\/p>\n","protected":false},"author":3,"featured_media":39429,"comment_status":"closed","ping_status":"closed","sticky":false,"template":"","format":"standard","meta":{"footnotes":""},"categories":[15,7],"tags":[],"class_list":{"0":"post-39405","1":"post","2":"type-post","3":"status-publish","4":"format-standard","5":"has-post-thumbnail","7":"category-destaques","8":"category-policia"},"_links":{"self":[{"href":"https:\/\/senoticias.com.br\/se\/wp-json\/wp\/v2\/posts\/39405"}],"collection":[{"href":"https:\/\/senoticias.com.br\/se\/wp-json\/wp\/v2\/posts"}],"about":[{"href":"https:\/\/senoticias.com.br\/se\/wp-json\/wp\/v2\/types\/post"}],"author":[{"embeddable":true,"href":"https:\/\/senoticias.com.br\/se\/wp-json\/wp\/v2\/users\/3"}],"replies":[{"embeddable":true,"href":"https:\/\/senoticias.com.br\/se\/wp-json\/wp\/v2\/comments?post=39405"}],"version-history":[{"count":0,"href":"https:\/\/senoticias.com.br\/se\/wp-json\/wp\/v2\/posts\/39405\/revisions"}],"wp:featuredmedia":[{"embeddable":true,"href":"https:\/\/senoticias.com.br\/se\/wp-json\/wp\/v2\/media\/39429"}],"wp:attachment":[{"href":"https:\/\/senoticias.com.br\/se\/wp-json\/wp\/v2\/media?parent=39405"}],"wp:term":[{"taxonomy":"category","embeddable":true,"href":"https:\/\/senoticias.com.br\/se\/wp-json\/wp\/v2\/categories?post=39405"},{"taxonomy":"post_tag","embeddable":true,"href":"https:\/\/senoticias.com.br\/se\/wp-json\/wp\/v2\/tags?post=39405"}],"curies":[{"name":"wp","href":"https:\/\/api.w.org\/{rel}","templated":true}]}}