{"id":39402,"date":"2012-09-12T17:41:06","date_gmt":"2012-09-12T20:41:06","guid":{"rendered":"http:\/\/senoticias.com.br\/se\/?p=39402"},"modified":"2012-09-13T11:23:18","modified_gmt":"2012-09-13T14:23:18","slug":"foragido-de-alagoas-acusado-de-matar-empresario-em-penedo-e-recapturado-em-aracaju","status":"publish","type":"post","link":"https:\/\/senoticias.com.br\/se\/foragido-de-alagoas-acusado-de-matar-empresario-em-penedo-e-recapturado-em-aracaju\/","title":{"rendered":"Preso em Aracaju foragido de Alagoas acusado de matar empres\u00e1rio"},"content":{"rendered":"<p>&nbsp;<\/p>\n<div id=\"attachment_39403\" style=\"width: 256px\" class=\"wp-caption alignleft\"><a href=\"http:\/\/senoticias.com.br\/se\/wp-content\/uploads\/2012\/09\/Sandoval.jpg\"><img loading=\"lazy\" decoding=\"async\" aria-describedby=\"caption-attachment-39403\" class=\"size-full wp-image-39403\" title=\"Sandoval\" src=\"http:\/\/senoticias.com.br\/se\/wp-content\/uploads\/2012\/09\/Sandoval.jpg\" alt=\"\" width=\"246\" height=\"161\" \/><\/a><p id=\"caption-attachment-39403\" class=\"wp-caption-text\">Daniel Monteiro era procurado pela pol\u00edcia desde maio de 2011.(Sandoval Not\u00edcias)<\/p><\/div>\n<p style=\"text-align: justify;\">Policiais do Complexo de Opera\u00e7\u00f5es Policiais Especiais conseguiram prender na noite desta ter\u00e7a-feira, 11 de setembro, o foragido da Justi\u00e7a alagoana Jos\u00e9 Daniel Monteiro Cavalcante, 26 anos de idade. O jovem \u00e9 acusado de ter assassinado um empres\u00e1rio e ferido outras pessoas dentro de uma loja de roupas do munic\u00edpio de Penedo, crime registrado no ano de 2009.<\/p>\n<p style=\"text-align: justify;\">De acordo com as informa\u00e7\u00f5es policiais, a pris\u00e3o de Jos\u00e9 Daniel aconteceu gra\u00e7as a uma denuncia an\u00f4nima informando de que um jovem estaria agredindo fisicamente uma mulher no bairro Santa Maria, em Aracaju. Ao se dirigir ao local e solicitar documento de identifica\u00e7\u00e3o, o acusado declarou que n\u00e3o tinha, chamando a aten\u00e7\u00e3o da pol\u00edcia.<\/p>\n<p style=\"text-align: justify;\">Pouco tempo depois, os policiais encontraram a carteira com os documentos de Daniel que recebeu voz de pris\u00e3o e foi levado ao Complexo de Opera\u00e7\u00f5es Policiais Especiais da Pol\u00edcia Civil. L\u00e1, foi\u00a0 descoberto que o jovem era foragido do Pres\u00eddio Desembargador Luiz Oliveira Souza (PDLOS), localizado na cidade de Arapiraca, Agreste Alagoano.<\/p>\n<p style=\"text-align: justify;\">A Pol\u00edcia Civil lotada na Delegacia Regional de Penedo est\u00e1 sendo aguardada em Aracaju para fazer a remo\u00e7\u00e3o do acusado. De acordo com o chefe de opera\u00e7\u00f5es policiais, Carlos Welber, o juiz titular da 4\u00aa Vara Criminal, o magistrado Ant\u00f4nio Barros da Silva Lima, j\u00e1 renovou o mandado de pris\u00e3o expedido em desfavor do jovem que a partir de agora aguardar\u00e1 pelo julgamento atr\u00e1s das grades.<\/p>\n<p><strong>A fuga<\/strong><\/p>\n<p style=\"text-align: justify;\">Daniel Monteiro fugiu do Pres\u00eddio Desembargador Luiz Oliveira Souza (PDLOS), na companhia de mais nove presos no dia 10 de maio de 2011. Ele havia sido transferido da delegacia ribeirinha durante o esvaziamento do xadrez para realiza\u00e7\u00e3o dos servi\u00e7os de reforma. Na ocasi\u00e3o, a Intend\u00eancia Geral do Sistema Penitenci\u00e1rio (Igesp) informou \u00e0 imprensa que os reeducandos serraram as grades das celas e escaparam pela porta da frente do complexo prisional.<\/p>\n<p style=\"text-align: justify;\">Todos os fugitivos estavam em quatro celas do m\u00f3dulo 3 do PDLOS. Depois de conseguir serrar as grades de duas celas e quebrar os cadeados de outras duas, os detentos conseguiram chegar at\u00e9 o corredor principal que d\u00e1 acesso \u00e0 porta de sa\u00edda do pres\u00eddio, \u00fanico local que n\u00e3o possui nenhum tipo de monitoramento eletr\u00f4nico.<\/p>\n<p style=\"text-align: justify;\">Ainda segundo as informa\u00e7\u00f5es repassadas pela Igesp, no momento da fuga, dez agentes penitenci\u00e1rios estavam de plant\u00e3o, no entanto, nenhum deles se encontrava no corredor principal do pres\u00eddio, fato esse que facilitou a fuga dos reeducandos. O jovem tamb\u00e9m j\u00e1 tinha fugido da Delegacia Regional de Penedo, mas foi recapturado seis meses depois.<\/p>\n<p style=\"text-align: justify;\"><strong>O crime<\/strong><\/p>\n<p style=\"text-align: justify;\">Daniel Monteiro \u00e9 acusado de matar empres\u00e1rio em Penedo no in\u00edcio da noite do dia 15 dezembro de 2009.\u00a0 Naquela data, ele invadiu a loja em que sua ex-esposa trabalhava e come\u00e7ou a efetuar disparos com arma de fogo no interior do estabelecimento comercial. A loja era de propriedade da cunhada de Daniel, Marinalda Santos Vieira, 33 anos, e de seu esposo, Odeir Gomes da Silva, 46, que foi atingido por um disparo e morreu no local. Marinalda, que tamb\u00e9m foi baleada, foi socorrida e encaminhada de imediato para a Unidade de Emerg\u00eancia do Agreste, em Arapiraca, onde conseguiu escapar do atentado.<\/p>\n<p style=\"text-align: justify;\">A ex-esposa de Daniel registrou entrada na Unidade de Emerg\u00eancia Antonio de Jesus, em Penedo, onde foi submetida a uma cirurgia de urg\u00eancia e conseguiu sobreviver. J\u00e1 Daniel Monteiro foi rendido por seguran\u00e7as de uma empresa que realiza rondas di\u00e1rias pelo com\u00e9rcio de Penedo, no momento do crime.<\/p>\n<p><span style=\"color: #333333;\"><em><strong>SE Not\u00edcias com Portal Aqui Acontece<\/strong><\/em><\/span><\/p>\n","protected":false},"excerpt":{"rendered":"<p>&nbsp; Policiais do Complexo de Opera\u00e7\u00f5es Policiais Especiais conseguiram prender na noite desta ter\u00e7a-feira, 11 de setembro, o foragido da Justi\u00e7a alagoana Jos\u00e9 Daniel Monteiro Cavalcante, 26 anos de idade. O jovem \u00e9 acusado de ter assassinado um empres\u00e1rio e ferido outras pessoas dentro de uma loja de roupas do munic\u00edpio de Penedo, crime registrado [&hellip;]<\/p>\n","protected":false},"author":3,"featured_media":39403,"comment_status":"closed","ping_status":"closed","sticky":false,"template":"","format":"standard","meta":{"footnotes":""},"categories":[7],"tags":[],"class_list":{"0":"post-39402","1":"post","2":"type-post","3":"status-publish","4":"format-standard","5":"has-post-thumbnail","7":"category-policia"},"_links":{"self":[{"href":"https:\/\/senoticias.com.br\/se\/wp-json\/wp\/v2\/posts\/39402"}],"collection":[{"href":"https:\/\/senoticias.com.br\/se\/wp-json\/wp\/v2\/posts"}],"about":[{"href":"https:\/\/senoticias.com.br\/se\/wp-json\/wp\/v2\/types\/post"}],"author":[{"embeddable":true,"href":"https:\/\/senoticias.com.br\/se\/wp-json\/wp\/v2\/users\/3"}],"replies":[{"embeddable":true,"href":"https:\/\/senoticias.com.br\/se\/wp-json\/wp\/v2\/comments?post=39402"}],"version-history":[{"count":0,"href":"https:\/\/senoticias.com.br\/se\/wp-json\/wp\/v2\/posts\/39402\/revisions"}],"wp:featuredmedia":[{"embeddable":true,"href":"https:\/\/senoticias.com.br\/se\/wp-json\/wp\/v2\/media\/39403"}],"wp:attachment":[{"href":"https:\/\/senoticias.com.br\/se\/wp-json\/wp\/v2\/media?parent=39402"}],"wp:term":[{"taxonomy":"category","embeddable":true,"href":"https:\/\/senoticias.com.br\/se\/wp-json\/wp\/v2\/categories?post=39402"},{"taxonomy":"post_tag","embeddable":true,"href":"https:\/\/senoticias.com.br\/se\/wp-json\/wp\/v2\/tags?post=39402"}],"curies":[{"name":"wp","href":"https:\/\/api.w.org\/{rel}","templated":true}]}}