{"id":39400,"date":"2012-09-12T17:23:44","date_gmt":"2012-09-12T20:23:44","guid":{"rendered":"http:\/\/senoticias.com.br\/se\/?p=39400"},"modified":"2012-09-12T17:23:44","modified_gmt":"2012-09-12T20:23:44","slug":"policia-apreende-pacotes-de-maconha-na-barra-dos-coqueiros","status":"publish","type":"post","link":"https:\/\/senoticias.com.br\/se\/policia-apreende-pacotes-de-maconha-na-barra-dos-coqueiros\/","title":{"rendered":"Pol\u00edcia apreende pacotes de maconha na Barra dos Coqueiros"},"content":{"rendered":"<p style=\"text-align: justify;\"><a href=\"http:\/\/senoticias.com.br\/se\/wp-content\/uploads\/2012\/09\/Maconha.jpg\"><img loading=\"lazy\" decoding=\"async\" class=\"alignleft size-full wp-image-39401\" title=\"Maconha\" src=\"http:\/\/senoticias.com.br\/se\/wp-content\/uploads\/2012\/09\/Maconha.jpg\" alt=\"\" width=\"228\" height=\"173\" srcset=\"https:\/\/senoticias.com.br\/se\/wp-content\/uploads\/2012\/09\/Maconha.jpg 228w, https:\/\/senoticias.com.br\/se\/wp-content\/uploads\/2012\/09\/Maconha-60x45.jpg 60w, https:\/\/senoticias.com.br\/se\/wp-content\/uploads\/2012\/09\/Maconha-150x113.jpg 150w\" sizes=\"(max-width: 228px) 100vw, 228px\" \/><\/a>A Pol\u00edcia Militar do Estado de Sergipe, atrav\u00e9s da 4\u00aa Companhia do 8\u00ba Batalh\u00e3o de Pol\u00edcia Comunit\u00e1ria (4\u00aa Cia\/ 8\u00ba BPCom), em parceria com policiais civis lotados no munic\u00edpio de Barra dos Coqueiros, apreendeu cerca de tr\u00eas quilos de maconha na tarde da ter\u00e7a-feira, 11, na Travessa Flora Reis, no bairro Pelourinho, Barra dos Coqueiros, em poder de Cristina Ferreira de Morais.<\/p>\n<p style=\"text-align: justify;\">A guarni\u00e7\u00e3o fazia rondas pela localidade, quando avistou Cristina num ciclomotor. A mulher se mostrou assustada e acabou sendo abordada e flagrada em posse de tr\u00eas pacotes grandes com maconha, a quantia de R$ 54 em c\u00e9dulas de baixo valor e uma motoneta de marca Shineray e cor vermelha.<\/p>\n<p style=\"text-align: justify;\">O caso foi conduzido \u00e0 Delegacia da Barra dos Coqueiros pela guarni\u00e7\u00e3o formada pelos soldados Luis Eduardo, Elizeu Alves e Monteiro, onde a ser\u00e1 averiguada a situa\u00e7\u00e3o do ve\u00edculo.<\/p>\n<p style=\"text-align: justify;\"><em><strong>Ascom\/PM<\/strong><\/em><\/p>\n","protected":false},"excerpt":{"rendered":"<p>A Pol\u00edcia Militar do Estado de Sergipe, atrav\u00e9s da 4\u00aa Companhia do 8\u00ba Batalh\u00e3o de Pol\u00edcia Comunit\u00e1ria (4\u00aa Cia\/ 8\u00ba BPCom), em parceria com policiais civis lotados no munic\u00edpio de Barra dos Coqueiros, apreendeu cerca de tr\u00eas quilos de maconha na tarde da ter\u00e7a-feira, 11, na Travessa Flora Reis, no bairro Pelourinho, Barra dos Coqueiros, [&hellip;]<\/p>\n","protected":false},"author":3,"featured_media":39401,"comment_status":"closed","ping_status":"closed","sticky":false,"template":"","format":"standard","meta":{"footnotes":""},"categories":[7],"tags":[],"class_list":{"0":"post-39400","1":"post","2":"type-post","3":"status-publish","4":"format-standard","5":"has-post-thumbnail","7":"category-policia"},"_links":{"self":[{"href":"https:\/\/senoticias.com.br\/se\/wp-json\/wp\/v2\/posts\/39400"}],"collection":[{"href":"https:\/\/senoticias.com.br\/se\/wp-json\/wp\/v2\/posts"}],"about":[{"href":"https:\/\/senoticias.com.br\/se\/wp-json\/wp\/v2\/types\/post"}],"author":[{"embeddable":true,"href":"https:\/\/senoticias.com.br\/se\/wp-json\/wp\/v2\/users\/3"}],"replies":[{"embeddable":true,"href":"https:\/\/senoticias.com.br\/se\/wp-json\/wp\/v2\/comments?post=39400"}],"version-history":[{"count":0,"href":"https:\/\/senoticias.com.br\/se\/wp-json\/wp\/v2\/posts\/39400\/revisions"}],"wp:featuredmedia":[{"embeddable":true,"href":"https:\/\/senoticias.com.br\/se\/wp-json\/wp\/v2\/media\/39401"}],"wp:attachment":[{"href":"https:\/\/senoticias.com.br\/se\/wp-json\/wp\/v2\/media?parent=39400"}],"wp:term":[{"taxonomy":"category","embeddable":true,"href":"https:\/\/senoticias.com.br\/se\/wp-json\/wp\/v2\/categories?post=39400"},{"taxonomy":"post_tag","embeddable":true,"href":"https:\/\/senoticias.com.br\/se\/wp-json\/wp\/v2\/tags?post=39400"}],"curies":[{"name":"wp","href":"https:\/\/api.w.org\/{rel}","templated":true}]}}