{"id":39397,"date":"2012-09-12T16:40:03","date_gmt":"2012-09-12T19:40:03","guid":{"rendered":"http:\/\/senoticias.com.br\/se\/?p=39397"},"modified":"2012-09-12T16:40:03","modified_gmt":"2012-09-12T19:40:03","slug":"justica-condena-ex-secretario-de-saude-de-lagarto-por-improbidade-administrativa","status":"publish","type":"post","link":"https:\/\/senoticias.com.br\/se\/justica-condena-ex-secretario-de-saude-de-lagarto-por-improbidade-administrativa\/","title":{"rendered":"Justi\u00e7a condena Ex-Secret\u00e1rio de Sa\u00fade de Lagarto por improbidade administrativa"},"content":{"rendered":"<div id=\"attachment_27717\" style=\"width: 210px\" class=\"wp-caption alignleft\"><a href=\"http:\/\/senoticias.com.br\/se\/wp-content\/uploads\/2012\/03\/Sergio-Reis.jpg\"><img loading=\"lazy\" decoding=\"async\" aria-describedby=\"caption-attachment-27717\" class=\"size-full wp-image-27717\" title=\"Sergio Reis\" src=\"http:\/\/senoticias.com.br\/se\/wp-content\/uploads\/2012\/03\/Sergio-Reis.jpg\" alt=\" Justi\u00e7a condena S\u00e9rgio Reis por improbidade administrativa . (Foto: Reprodu\u00e7\u00e3o)\" width=\"200\" height=\"293\" \/><\/a><p id=\"caption-attachment-27717\" class=\"wp-caption-text\">Ex-deputado S\u00e9rgio Reis se manifestou pelo twitter com duras cr\u00edticas contra &quot;uma deputada&quot;. (Foto: Reprodu\u00e7\u00e3o)<\/p><\/div>\n<p style=\"text-align: justify;\">Acatando pedido formulado pelo Minist\u00e9rio P\u00fablico de Sergipe, atrav\u00e9s da A\u00e7\u00e3o Civil P\u00fablica ajuizada pela 1\u00aa Promotoria de Justi\u00e7a de Lagarto, o Poder Judici\u00e1rio Sergipano condenou Artur S\u00e9rgio de Almeida Reis, ex-Secret\u00e1rio de Sa\u00fade daquele Munic\u00edpio, pela pr\u00e1tica de ato de Improbidade Administrativa.<\/p>\n<p style=\"text-align: justify;\">Segundo a Promotoria, em setembro de 2005, o Minist\u00e9rio da Sa\u00fade realizou auditoria no Centro de Aten\u00e7\u00e3o Psicossocial \u2013 CAPS Aconchego, vinculado \u00e0 Secretaria Municipal de Sa\u00fade de Lagarto e encontrou irregularidades referentes a an\u00e1lise das APACS \u2013 Autoriza\u00e7\u00e3o de Procedimentos Ambulatoriais de Alta Complexidade\/Custo.<\/p>\n<p style=\"text-align: justify;\">A auditoria apurou que o n\u00famero de atividades registradas em prontu\u00e1rios era inferior ao valor efetivamente cobrado atrav\u00e9s das APACS, ou seja, o valor era cobrado na APAC sem que os procedimentos tivessem sido realizados.<\/p>\n<p style=\"text-align: justify;\">Vale ressaltar que em 2008, o Munic\u00edpio lagartense firmou, atrav\u00e9s da Secretaria Municipal de Sa\u00fade, o Termo de Confiss\u00e3o de D\u00edvida com o Minist\u00e9rio da Sa\u00fade, ficando respons\u00e1vel por ressarcir o valor de R$ 34.965,88 (trinta e quatro mil, novecentos e sessenta e cinco reais e oitenta e oito centavos), dividido em oito parcelas. Por\u00e9m, a d\u00edvida foi saldada pelo Munic\u00edpio de Lagarto e n\u00e3o pelo causador do dano e respons\u00e1vel direto, Arthur S\u00e9rgio de Almeida Reis.<\/p>\n<p style=\"text-align: justify;\">O Poder Judici\u00e1rio Sergipano ratificou o entendimento do Minist\u00e9rio P\u00fablico de que tal ato configura crime de improbidade administrativa, nos termos dos artigos 10 e 11, ambos da Lei 8.429\/92. O Juiz de Direito, Dr. Leonardo Souza Santana Almeida, julgou procedente os pedidos do MP e condenou o ex-secret\u00e1rio ao ressarcimento integral do dano causado ao er\u00e1rio Municipal no de R$ 34. 965,88, que deve ser atualizado monetariamente pelo INPC \u2013 \u00cdndice Nacional de Pre\u00e7os ao Consumidor e a outras san\u00e7\u00f5es do artigo 12, inciso II, da Lei de Improbidade Administrativa.<\/p>\n<p><em><strong>M\u00f4nica Ribeiro<\/strong><\/em><br \/>\n<em><strong> Assessora de Imprensa MP\/SE<\/strong><\/em><\/p>\n","protected":false},"excerpt":{"rendered":"<p>Acatando pedido formulado pelo Minist\u00e9rio P\u00fablico de Sergipe, atrav\u00e9s da A\u00e7\u00e3o Civil P\u00fablica ajuizada pela 1\u00aa Promotoria de Justi\u00e7a de Lagarto, o Poder Judici\u00e1rio Sergipano condenou Artur S\u00e9rgio de Almeida Reis, ex-Secret\u00e1rio de Sa\u00fade daquele Munic\u00edpio, pela pr\u00e1tica de ato de Improbidade Administrativa. Segundo a Promotoria, em setembro de 2005, o Minist\u00e9rio da Sa\u00fade realizou [&hellip;]<\/p>\n","protected":false},"author":3,"featured_media":27717,"comment_status":"closed","ping_status":"closed","sticky":false,"template":"","format":"standard","meta":{"footnotes":""},"categories":[38,6],"tags":[],"class_list":{"0":"post-39397","1":"post","2":"type-post","3":"status-publish","4":"format-standard","5":"has-post-thumbnail","7":"category-municipios","8":"category-politica"},"_links":{"self":[{"href":"https:\/\/senoticias.com.br\/se\/wp-json\/wp\/v2\/posts\/39397"}],"collection":[{"href":"https:\/\/senoticias.com.br\/se\/wp-json\/wp\/v2\/posts"}],"about":[{"href":"https:\/\/senoticias.com.br\/se\/wp-json\/wp\/v2\/types\/post"}],"author":[{"embeddable":true,"href":"https:\/\/senoticias.com.br\/se\/wp-json\/wp\/v2\/users\/3"}],"replies":[{"embeddable":true,"href":"https:\/\/senoticias.com.br\/se\/wp-json\/wp\/v2\/comments?post=39397"}],"version-history":[{"count":0,"href":"https:\/\/senoticias.com.br\/se\/wp-json\/wp\/v2\/posts\/39397\/revisions"}],"wp:featuredmedia":[{"embeddable":true,"href":"https:\/\/senoticias.com.br\/se\/wp-json\/wp\/v2\/media\/27717"}],"wp:attachment":[{"href":"https:\/\/senoticias.com.br\/se\/wp-json\/wp\/v2\/media?parent=39397"}],"wp:term":[{"taxonomy":"category","embeddable":true,"href":"https:\/\/senoticias.com.br\/se\/wp-json\/wp\/v2\/categories?post=39397"},{"taxonomy":"post_tag","embeddable":true,"href":"https:\/\/senoticias.com.br\/se\/wp-json\/wp\/v2\/tags?post=39397"}],"curies":[{"name":"wp","href":"https:\/\/api.w.org\/{rel}","templated":true}]}}