{"id":39393,"date":"2012-09-12T15:14:49","date_gmt":"2012-09-12T18:14:49","guid":{"rendered":"http:\/\/senoticias.com.br\/se\/?p=39393"},"modified":"2012-09-12T15:17:54","modified_gmt":"2012-09-12T18:17:54","slug":"laercio-fala-em-brasilia-sobre-o-codigo-de-defesa-do-contribuinte","status":"publish","type":"post","link":"https:\/\/senoticias.com.br\/se\/laercio-fala-em-brasilia-sobre-o-codigo-de-defesa-do-contribuinte\/","title":{"rendered":"La\u00e9rcio Oliveira fala em Bras\u00edlia sobre o C\u00f3digo de Defesa do Contribuinte"},"content":{"rendered":"<p>&nbsp;<\/p>\n<div id=\"attachment_39394\" style=\"width: 310px\" class=\"wp-caption alignleft\"><a href=\"http:\/\/senoticias.com.br\/se\/wp-content\/uploads\/2012\/09\/DSC_0225.jpg\"><img loading=\"lazy\" decoding=\"async\" aria-describedby=\"caption-attachment-39394\" class=\"size-medium wp-image-39394\" title=\"DSC_0225\" src=\"http:\/\/senoticias.com.br\/se\/wp-content\/uploads\/2012\/09\/DSC_0225-300x198.jpg\" alt=\"\" width=\"300\" height=\"198\" srcset=\"https:\/\/senoticias.com.br\/se\/wp-content\/uploads\/2012\/09\/DSC_0225-300x198.jpg 300w, https:\/\/senoticias.com.br\/se\/wp-content\/uploads\/2012\/09\/DSC_0225-342x226.jpg 342w, https:\/\/senoticias.com.br\/se\/wp-content\/uploads\/2012\/09\/DSC_0225.jpg 410w\" sizes=\"(max-width: 300px) 100vw, 300px\" \/><\/a><p id=\"caption-attachment-39394\" class=\"wp-caption-text\">La\u00e9rcio Oliveira fala em Bras\u00edlia sobre o C\u00f3digo de Defesa do Contribuinte. (Foto: Ascom)<\/p><\/div>\n<p style=\"text-align: justify;\">Proteger o contribuinte do exerc\u00edcio do poder abusivo e regulamentar o exerc\u00edcio da fiscaliza\u00e7\u00e3o. Esses s\u00e3o os principais objetivos do C\u00f3digo de Defesa do Contribuinte, projeto de lei 2.557\/2011 de autoria do deputado federal La\u00e9rcio Oliveira que foi tema de um debate promovido pela Confedera\u00e7\u00e3o Nacional das Institui\u00e7\u00f5es Financeiras, na noite da \u00faltima ter\u00e7a-feira, 11.<\/p>\n<p style=\"text-align: justify;\">O deputado disse que a inten\u00e7\u00e3o de apresentar o projeto foi devido \u00e0s constantes reclama\u00e7\u00f5es que ele ouvia sobre o tratamento que os empres\u00e1rios tinham na Receita Federal. \u201cSou empres\u00e1rio do setor de servi\u00e7os h\u00e1 29 anos. Recentemente fui \u00e0 Receita e fiquei impressionado com o mau atendimento. Precisamos aperfei\u00e7oar essa ideia para que possamos oferecer ao pa\u00eds uma lei feita com muitas m\u00e3os\u201d, disse o parlamentar, comparando a import\u00e2ncia do PL com o C\u00f3digo de Defesa do Consumidor, que completou naquela data 22 anos de vig\u00eancia.<\/p>\n<p style=\"text-align: justify;\">A apresenta\u00e7\u00e3o do projeto segue a experi\u00eancia j\u00e1 adotada nos \u00faltimos quatro anos em pelo menos quatro estados (Cear\u00e1, Minas Gerais, S\u00e3o Paulo e Santa Catarina). Dois pontos mais importantes do texto s\u00e3o obrigar o fisco a responder consultas feitas pelos contribuintes sobre informa\u00e7\u00f5es que julgar relevantes e garantir direito \u00e0 ampla defesa no processo administrativo fiscal.<\/p>\n<p style=\"text-align: justify;\">O C\u00f3digo j\u00e1 foi adotado por diversos pa\u00edses, como nos Estados Unidos, pela Taxpayer Bill of Rights II, de 30 de julho de 1996, na Espanha, pela Ley de Derechos y Garantias de los Contribuyentes, de 26 de fevereiro de 1998, bem como na Fran\u00e7a, M\u00e9xico, Canad\u00e1, Venezuela, Austr\u00e1lia e Peru.<\/p>\n<p style=\"text-align: justify;\">De acordo com o gerente de Rela\u00e7\u00f5es Institucionais da CNF, Dami\u00e3o Cordeiro de Moraes, a aprova\u00e7\u00e3o do C\u00f3digo de Defesa do Contribuinte ajudaria a uniformizar as a\u00e7\u00f5es. \u201cA inten\u00e7\u00e3o \u00e9 regulamentar os direitos, garantias e obriga\u00e7\u00f5es do contribuinte e os deveres da administra\u00e7\u00e3o fazend\u00e1ria\u201d, disse.<\/p>\n<p><em><strong>Assessoria de imprensa do deputado federal La\u00e9rcio Oliveira<\/strong><\/em><\/p>\n","protected":false},"excerpt":{"rendered":"<p>&nbsp; Proteger o contribuinte do exerc\u00edcio do poder abusivo e regulamentar o exerc\u00edcio da fiscaliza\u00e7\u00e3o. Esses s\u00e3o os principais objetivos do C\u00f3digo de Defesa do Contribuinte, projeto de lei 2.557\/2011 de autoria do deputado federal La\u00e9rcio Oliveira que foi tema de um debate promovido pela Confedera\u00e7\u00e3o Nacional das Institui\u00e7\u00f5es Financeiras, na noite da \u00faltima ter\u00e7a-feira, [&hellip;]<\/p>\n","protected":false},"author":3,"featured_media":39394,"comment_status":"closed","ping_status":"closed","sticky":false,"template":"","format":"standard","meta":{"footnotes":""},"categories":[6],"tags":[],"class_list":{"0":"post-39393","1":"post","2":"type-post","3":"status-publish","4":"format-standard","5":"has-post-thumbnail","7":"category-politica"},"_links":{"self":[{"href":"https:\/\/senoticias.com.br\/se\/wp-json\/wp\/v2\/posts\/39393"}],"collection":[{"href":"https:\/\/senoticias.com.br\/se\/wp-json\/wp\/v2\/posts"}],"about":[{"href":"https:\/\/senoticias.com.br\/se\/wp-json\/wp\/v2\/types\/post"}],"author":[{"embeddable":true,"href":"https:\/\/senoticias.com.br\/se\/wp-json\/wp\/v2\/users\/3"}],"replies":[{"embeddable":true,"href":"https:\/\/senoticias.com.br\/se\/wp-json\/wp\/v2\/comments?post=39393"}],"version-history":[{"count":0,"href":"https:\/\/senoticias.com.br\/se\/wp-json\/wp\/v2\/posts\/39393\/revisions"}],"wp:featuredmedia":[{"embeddable":true,"href":"https:\/\/senoticias.com.br\/se\/wp-json\/wp\/v2\/media\/39394"}],"wp:attachment":[{"href":"https:\/\/senoticias.com.br\/se\/wp-json\/wp\/v2\/media?parent=39393"}],"wp:term":[{"taxonomy":"category","embeddable":true,"href":"https:\/\/senoticias.com.br\/se\/wp-json\/wp\/v2\/categories?post=39393"},{"taxonomy":"post_tag","embeddable":true,"href":"https:\/\/senoticias.com.br\/se\/wp-json\/wp\/v2\/tags?post=39393"}],"curies":[{"name":"wp","href":"https:\/\/api.w.org\/{rel}","templated":true}]}}