{"id":39391,"date":"2012-09-12T15:01:45","date_gmt":"2012-09-12T18:01:45","guid":{"rendered":"http:\/\/senoticias.com.br\/se\/?p=39391"},"modified":"2012-09-13T16:27:51","modified_gmt":"2012-09-13T19:27:51","slug":"pastor-e-preso-com-carteira-de-policial-falsa-em-aracaju","status":"publish","type":"post","link":"https:\/\/senoticias.com.br\/se\/pastor-e-preso-com-carteira-de-policial-falsa-em-aracaju\/","title":{"rendered":"Pastor \u00e9 preso com carteira de policial falsa em Aracaju"},"content":{"rendered":"<p style=\"text-align: justify;\">Um homem de 32 anos que se intitula pastor de uma Igreja Evang\u00e9lica foi preso na madrugada desta quarta-feira (12), por volta das 2h, no Centro de Aracaju, Sergipe. Ele abordou uma garota de programa, se identificou como policial e mandou ela entregar a droga porque sabia que ela estava escondendo. O fato aconteceu no cruzamento das Ruas Geru e Santo Amaro.<\/p>\n<p style=\"text-align: justify;\">A jovem negou a informa\u00e7\u00e3o e a partir da\u00ed teve in\u00edcio uma discuss\u00e3o que s\u00f3 terminou com a chegada de agentes do Esquadr\u00e3o de Pol\u00edcia Montada (EPMon), que identificaram que a carteira policial que o homem apresentou era falsificada.<\/p>\n<div id=\"attachment_6705\" style=\"width: 269px\" class=\"wp-caption alignleft\"><a href=\"http:\/\/senoticias.com.br\/se\/wp-content\/uploads\/2011\/05\/Algemas.jpg\"><img loading=\"lazy\" decoding=\"async\" aria-describedby=\"caption-attachment-6705\" class=\"size-full wp-image-6705\" title=\"Algemas\" src=\"http:\/\/senoticias.com.br\/se\/wp-content\/uploads\/2011\/05\/Algemas.jpg\" alt=\"\" width=\"259\" height=\"194\" srcset=\"https:\/\/senoticias.com.br\/se\/wp-content\/uploads\/2011\/05\/Algemas.jpg 259w, https:\/\/senoticias.com.br\/se\/wp-content\/uploads\/2011\/05\/Algemas-60x45.jpg 60w, https:\/\/senoticias.com.br\/se\/wp-content\/uploads\/2011\/05\/Algemas-150x113.jpg 150w\" sizes=\"(max-width: 259px) 100vw, 259px\" \/><\/a><p id=\"caption-attachment-6705\" class=\"wp-caption-text\">Foto meramente ilustrativa\/Reprodu\u00e7\u00e3o<\/p><\/div>\n<p style=\"text-align: justify;\">Outros dois homens que tamb\u00e9m se identificam como evang\u00e9licos estavam no carro com o pastor. Segundo informa\u00e7\u00f5es da Secretaria de Estado da Seguran\u00e7a P\u00fablica (SSP), o pastor assumiu ter adulterado a carteira do pai dele que \u00e9 policial militar reformado.<\/p>\n<p style=\"text-align: justify;\">O suspeito vai responder por adultera\u00e7\u00e3o de documento pol\u00edtico falso, crime inafian\u00e7\u00e1vel. O advogado dele j\u00e1 encaminhou o pedido de relaxamento da pris\u00e3o para que ele possa responder ao processo em liberdade. Os outros dois homens que estavam no carro foram liberados logo ap\u00f3s prestarem depoimentos.<\/p>\n<p style=\"text-align: justify;\"><span style=\"color: #000080;\"><strong>Marina Fontenele &#8211; G1 SE<\/strong><\/span><\/p>\n","protected":false},"excerpt":{"rendered":"<p>Um homem de 32 anos que se intitula pastor de uma Igreja Evang\u00e9lica foi preso na madrugada desta quarta-feira (12), por volta das 2h, no Centro de Aracaju, Sergipe. Ele abordou uma garota de programa, se identificou como policial e mandou ela entregar a droga porque sabia que ela estava escondendo. O fato aconteceu no [&hellip;]<\/p>\n","protected":false},"author":3,"featured_media":6705,"comment_status":"closed","ping_status":"closed","sticky":false,"template":"","format":"standard","meta":{"footnotes":""},"categories":[46],"tags":[],"class_list":{"0":"post-39391","1":"post","2":"type-post","3":"status-publish","4":"format-standard","5":"has-post-thumbnail","7":"category-religiao"},"_links":{"self":[{"href":"https:\/\/senoticias.com.br\/se\/wp-json\/wp\/v2\/posts\/39391"}],"collection":[{"href":"https:\/\/senoticias.com.br\/se\/wp-json\/wp\/v2\/posts"}],"about":[{"href":"https:\/\/senoticias.com.br\/se\/wp-json\/wp\/v2\/types\/post"}],"author":[{"embeddable":true,"href":"https:\/\/senoticias.com.br\/se\/wp-json\/wp\/v2\/users\/3"}],"replies":[{"embeddable":true,"href":"https:\/\/senoticias.com.br\/se\/wp-json\/wp\/v2\/comments?post=39391"}],"version-history":[{"count":0,"href":"https:\/\/senoticias.com.br\/se\/wp-json\/wp\/v2\/posts\/39391\/revisions"}],"wp:featuredmedia":[{"embeddable":true,"href":"https:\/\/senoticias.com.br\/se\/wp-json\/wp\/v2\/media\/6705"}],"wp:attachment":[{"href":"https:\/\/senoticias.com.br\/se\/wp-json\/wp\/v2\/media?parent=39391"}],"wp:term":[{"taxonomy":"category","embeddable":true,"href":"https:\/\/senoticias.com.br\/se\/wp-json\/wp\/v2\/categories?post=39391"},{"taxonomy":"post_tag","embeddable":true,"href":"https:\/\/senoticias.com.br\/se\/wp-json\/wp\/v2\/tags?post=39391"}],"curies":[{"name":"wp","href":"https:\/\/api.w.org\/{rel}","templated":true}]}}