{"id":39389,"date":"2012-09-12T14:51:22","date_gmt":"2012-09-12T17:51:22","guid":{"rendered":"http:\/\/senoticias.com.br\/se\/?p=39389"},"modified":"2012-09-12T14:55:04","modified_gmt":"2012-09-12T17:55:04","slug":"jovens-sao-detidos-em-flagrante-pela-prf-em-sao-cristovao","status":"publish","type":"post","link":"https:\/\/senoticias.com.br\/se\/jovens-sao-detidos-em-flagrante-pela-prf-em-sao-cristovao\/","title":{"rendered":"Jovens s\u00e3o detidos em flagrante pela PRF em S\u00e3o Crist\u00f3v\u00e3o"},"content":{"rendered":"<p style=\"text-align: justify;\"><strong>Dupla \u00e9 acusada de assalto ao um micro-\u00f4nibus.<\/strong><\/p>\n<p style=\"text-align: justify;\"><a href=\"http:\/\/senoticias.com.br\/se\/wp-content\/uploads\/2011\/08\/PRF.jpg\"><img loading=\"lazy\" decoding=\"async\" class=\"alignleft size-full wp-image-11093\" title=\"PRF\" src=\"http:\/\/senoticias.com.br\/se\/wp-content\/uploads\/2011\/08\/PRF.jpg\" alt=\"\" width=\"229\" height=\"220\" \/><\/a>Um jovem de 20 anos foi preso e um menor de 17 anos, apreendido por Policiais Rodovi\u00e1rios Federais na tarde de ontem (11), no Km 98 da BR 101, em S\u00e3o Cristov\u00e3o (SE). Os agentes federais prenderam os dois indiv\u00edduos por praticar um assalto ao micro-\u00f4nibus do transporte intermunicipal que seguia de Aracaju para S\u00e3o Cristov\u00e3o.<\/p>\n<p style=\"text-align: justify;\">Os policiais encontraram com eles um revolver calibre 32 com dois cartuchos intactos e tamb\u00e9m recuperaram 11 celulares, um rel\u00f3gio, duas mochilas e R$ 326,30 em esp\u00e9cie. A equipe PRF contou com a ajuda de um Policial Militar que era passageiro do micro-\u00f4nibus no momento do assalto.<\/p>\n<p>A ocorr\u00eancia foi encaminhada \u00e0 Delegacia de Pol\u00edcia Civil, em S\u00e3o Cristov\u00e3o.<\/p>\n","protected":false},"excerpt":{"rendered":"<p>Dupla \u00e9 acusada de assalto ao um micro-\u00f4nibus. Um jovem de 20 anos foi preso e um menor de 17 anos, apreendido por Policiais Rodovi\u00e1rios Federais na tarde de ontem (11), no Km 98 da BR 101, em S\u00e3o Cristov\u00e3o (SE). Os agentes federais prenderam os dois indiv\u00edduos por praticar um assalto ao micro-\u00f4nibus do [&hellip;]<\/p>\n","protected":false},"author":3,"featured_media":11093,"comment_status":"closed","ping_status":"closed","sticky":false,"template":"","format":"standard","meta":{"footnotes":""},"categories":[7,1],"tags":[],"class_list":{"0":"post-39389","1":"post","2":"type-post","3":"status-publish","4":"format-standard","5":"has-post-thumbnail","7":"category-policia","8":"category-sem-categoria"},"_links":{"self":[{"href":"https:\/\/senoticias.com.br\/se\/wp-json\/wp\/v2\/posts\/39389"}],"collection":[{"href":"https:\/\/senoticias.com.br\/se\/wp-json\/wp\/v2\/posts"}],"about":[{"href":"https:\/\/senoticias.com.br\/se\/wp-json\/wp\/v2\/types\/post"}],"author":[{"embeddable":true,"href":"https:\/\/senoticias.com.br\/se\/wp-json\/wp\/v2\/users\/3"}],"replies":[{"embeddable":true,"href":"https:\/\/senoticias.com.br\/se\/wp-json\/wp\/v2\/comments?post=39389"}],"version-history":[{"count":0,"href":"https:\/\/senoticias.com.br\/se\/wp-json\/wp\/v2\/posts\/39389\/revisions"}],"wp:featuredmedia":[{"embeddable":true,"href":"https:\/\/senoticias.com.br\/se\/wp-json\/wp\/v2\/media\/11093"}],"wp:attachment":[{"href":"https:\/\/senoticias.com.br\/se\/wp-json\/wp\/v2\/media?parent=39389"}],"wp:term":[{"taxonomy":"category","embeddable":true,"href":"https:\/\/senoticias.com.br\/se\/wp-json\/wp\/v2\/categories?post=39389"},{"taxonomy":"post_tag","embeddable":true,"href":"https:\/\/senoticias.com.br\/se\/wp-json\/wp\/v2\/tags?post=39389"}],"curies":[{"name":"wp","href":"https:\/\/api.w.org\/{rel}","templated":true}]}}