{"id":39380,"date":"2012-09-12T06:59:21","date_gmt":"2012-09-12T09:59:21","guid":{"rendered":"http:\/\/senoticias.com.br\/se\/?p=39380"},"modified":"2012-09-12T15:15:12","modified_gmt":"2012-09-12T18:15:12","slug":"pesquisa-aponta-joao-alves-como-vencedor-no-1%c2%ba-turno","status":"publish","type":"post","link":"https:\/\/senoticias.com.br\/se\/pesquisa-aponta-joao-alves-como-vencedor-no-1%c2%ba-turno\/","title":{"rendered":"Pesquisa aponta Jo\u00e3o Alves como vencedor no 1\u00ba turno"},"content":{"rendered":"<p><em><strong>\u00a0SE Not\u00edcias com NE Not\u00edcias<\/strong><\/em><\/p>\n<p>A TV Cidade divulgou no in\u00edcio da noite desta ter\u00e7a-feira, 11, pesquisa de inten\u00e7\u00e3o de voto para prefeito de Aracaju.<\/p>\n<p>De acordo com a pesquisa, se a elei\u00e7\u00e3o fosse realizada hoje, Jo\u00e3o seria eleito no primeiro turno com 60% dos votos.<\/p>\n<p><strong>N\u00fameros da pesquisa:<\/strong><\/p>\n<p><a href=\"http:\/\/senoticias.com.br\/se\/wp-content\/uploads\/2012\/09\/Pesquisa.png\"><img loading=\"lazy\" decoding=\"async\" class=\"aligncenter size-full wp-image-39381\" title=\"Pesquisa\" src=\"http:\/\/senoticias.com.br\/se\/wp-content\/uploads\/2012\/09\/Pesquisa.png\" alt=\"\" width=\"580\" height=\"365\" srcset=\"https:\/\/senoticias.com.br\/se\/wp-content\/uploads\/2012\/09\/Pesquisa.png 580w, https:\/\/senoticias.com.br\/se\/wp-content\/uploads\/2012\/09\/Pesquisa-300x188.png 300w, https:\/\/senoticias.com.br\/se\/wp-content\/uploads\/2012\/09\/Pesquisa-342x215.png 342w\" sizes=\"(max-width: 580px) 100vw, 580px\" \/><\/a><a href=\"http:\/\/senoticias.com.br\/se\/wp-content\/uploads\/2012\/09\/Pesquisa-1.png\"><img loading=\"lazy\" decoding=\"async\" class=\"aligncenter size-full wp-image-39382\" title=\"Pesquisa 1\" src=\"http:\/\/senoticias.com.br\/se\/wp-content\/uploads\/2012\/09\/Pesquisa-1.png\" alt=\"\" width=\"580\" height=\"261\" srcset=\"https:\/\/senoticias.com.br\/se\/wp-content\/uploads\/2012\/09\/Pesquisa-1.png 580w, https:\/\/senoticias.com.br\/se\/wp-content\/uploads\/2012\/09\/Pesquisa-1-300x135.png 300w, https:\/\/senoticias.com.br\/se\/wp-content\/uploads\/2012\/09\/Pesquisa-1-342x153.png 342w\" sizes=\"(max-width: 580px) 100vw, 580px\" \/><\/a><\/p>\n<p>&nbsp;<\/p>\n<p><a href=\"http:\/\/senoticias.com.br\/se\/wp-content\/uploads\/2012\/09\/P2.png\"><img loading=\"lazy\" decoding=\"async\" class=\"aligncenter size-full wp-image-39384\" title=\"P2\" src=\"http:\/\/senoticias.com.br\/se\/wp-content\/uploads\/2012\/09\/P2.png\" alt=\"\" width=\"580\" height=\"189\" srcset=\"https:\/\/senoticias.com.br\/se\/wp-content\/uploads\/2012\/09\/P2.png 580w, https:\/\/senoticias.com.br\/se\/wp-content\/uploads\/2012\/09\/P2-300x97.png 300w, https:\/\/senoticias.com.br\/se\/wp-content\/uploads\/2012\/09\/P2-342x111.png 342w\" sizes=\"(max-width: 580px) 100vw, 580px\" \/><\/a><a href=\"http:\/\/senoticias.com.br\/se\/wp-content\/uploads\/2012\/09\/P3.png\"><img loading=\"lazy\" decoding=\"async\" class=\"aligncenter size-full wp-image-39385\" title=\"P3\" src=\"http:\/\/senoticias.com.br\/se\/wp-content\/uploads\/2012\/09\/P3.png\" alt=\"\" width=\"580\" height=\"310\" srcset=\"https:\/\/senoticias.com.br\/se\/wp-content\/uploads\/2012\/09\/P3.png 580w, https:\/\/senoticias.com.br\/se\/wp-content\/uploads\/2012\/09\/P3-300x160.png 300w, https:\/\/senoticias.com.br\/se\/wp-content\/uploads\/2012\/09\/P3-342x182.png 342w\" sizes=\"(max-width: 580px) 100vw, 580px\" \/><\/a><\/p>\n<p>&nbsp;<\/p>\n<p><a href=\"http:\/\/senoticias.com.br\/se\/wp-content\/uploads\/2012\/09\/p4.png\"><img loading=\"lazy\" decoding=\"async\" class=\"aligncenter size-full wp-image-39386\" title=\"p4\" src=\"http:\/\/senoticias.com.br\/se\/wp-content\/uploads\/2012\/09\/p4.png\" alt=\"\" width=\"580\" height=\"319\" srcset=\"https:\/\/senoticias.com.br\/se\/wp-content\/uploads\/2012\/09\/p4.png 580w, https:\/\/senoticias.com.br\/se\/wp-content\/uploads\/2012\/09\/p4-300x165.png 300w, https:\/\/senoticias.com.br\/se\/wp-content\/uploads\/2012\/09\/p4-342x188.png 342w\" sizes=\"(max-width: 580px) 100vw, 580px\" \/><\/a><\/p>\n<p>&nbsp;<\/p>\n<h4><strong>A pesquisa foi realizada pela W1 Em Campo. O protocolo da pesquisa no TSE \u00e9 o SE 000302012.<\/strong><\/h4>\n","protected":false},"excerpt":{"rendered":"<p>\u00a0SE Not\u00edcias com NE Not\u00edcias A TV Cidade divulgou no in\u00edcio da noite desta ter\u00e7a-feira, 11, pesquisa de inten\u00e7\u00e3o de voto para prefeito de Aracaju. De acordo com a pesquisa, se a elei\u00e7\u00e3o fosse realizada hoje, Jo\u00e3o seria eleito no primeiro turno com 60% dos votos. N\u00fameros da pesquisa: &nbsp; &nbsp; &nbsp; A pesquisa foi [&hellip;]<\/p>\n","protected":false},"author":3,"featured_media":39381,"comment_status":"closed","ping_status":"closed","sticky":false,"template":"","format":"standard","meta":{"footnotes":""},"categories":[15,6],"tags":[],"class_list":{"0":"post-39380","1":"post","2":"type-post","3":"status-publish","4":"format-standard","5":"has-post-thumbnail","7":"category-destaques","8":"category-politica"},"_links":{"self":[{"href":"https:\/\/senoticias.com.br\/se\/wp-json\/wp\/v2\/posts\/39380"}],"collection":[{"href":"https:\/\/senoticias.com.br\/se\/wp-json\/wp\/v2\/posts"}],"about":[{"href":"https:\/\/senoticias.com.br\/se\/wp-json\/wp\/v2\/types\/post"}],"author":[{"embeddable":true,"href":"https:\/\/senoticias.com.br\/se\/wp-json\/wp\/v2\/users\/3"}],"replies":[{"embeddable":true,"href":"https:\/\/senoticias.com.br\/se\/wp-json\/wp\/v2\/comments?post=39380"}],"version-history":[{"count":0,"href":"https:\/\/senoticias.com.br\/se\/wp-json\/wp\/v2\/posts\/39380\/revisions"}],"wp:featuredmedia":[{"embeddable":true,"href":"https:\/\/senoticias.com.br\/se\/wp-json\/wp\/v2\/media\/39381"}],"wp:attachment":[{"href":"https:\/\/senoticias.com.br\/se\/wp-json\/wp\/v2\/media?parent=39380"}],"wp:term":[{"taxonomy":"category","embeddable":true,"href":"https:\/\/senoticias.com.br\/se\/wp-json\/wp\/v2\/categories?post=39380"},{"taxonomy":"post_tag","embeddable":true,"href":"https:\/\/senoticias.com.br\/se\/wp-json\/wp\/v2\/tags?post=39380"}],"curies":[{"name":"wp","href":"https:\/\/api.w.org\/{rel}","templated":true}]}}