{"id":39378,"date":"2012-09-12T06:41:59","date_gmt":"2012-09-12T09:41:59","guid":{"rendered":"http:\/\/senoticias.com.br\/se\/?p=39378"},"modified":"2012-09-12T06:42:47","modified_gmt":"2012-09-12T09:42:47","slug":"suspeito-de-homicidio-e-assassinado-em-aracaju","status":"publish","type":"post","link":"https:\/\/senoticias.com.br\/se\/suspeito-de-homicidio-e-assassinado-em-aracaju\/","title":{"rendered":"Suspeito de homic\u00eddio \u00e9 assassinado em Aracaju"},"content":{"rendered":"<p>&nbsp;<\/p>\n<div id=\"attachment_2049\" style=\"width: 258px\" class=\"wp-caption alignleft\"><a href=\"http:\/\/senoticias.com.br\/se\/wp-content\/uploads\/2011\/02\/Revolver.jpg\"><img loading=\"lazy\" decoding=\"async\" aria-describedby=\"caption-attachment-2049\" class=\"size-full wp-image-2049\" title=\"Revolver\" src=\"http:\/\/senoticias.com.br\/se\/wp-content\/uploads\/2011\/02\/Revolver.jpg\" alt=\"Foto Ilustrativa\" width=\"248\" height=\"203\" \/><\/a><p id=\"caption-attachment-2049\" class=\"wp-caption-text\">Foto Ilustrativa<\/p><\/div>\n<p style=\"text-align: justify;\">Um homem de 38 anos foi morto a tiros na Avenida Presidente Juscelino Kubitschek, na Zona Norte de Aracaju no in\u00edcio da tarde desta ter\u00e7a-feira (11).<\/p>\n<p style=\"text-align: justify;\">O crime em uma das avenidas mais movimentadas da capital atraiu muitos curiosos. A v\u00edtima recebeu v\u00e1rios tiros pelas costas na porta de um col\u00e9gio.<\/p>\n<p style=\"text-align: justify;\">De acordo com informa\u00e7\u00f5es de moradores da regi\u00e3o, a v\u00edtima estava correndo pela Avenida Visconde de Maracaju por volta das 13h30 quando um carro parou, um homem desceu e atirou pelas costas dele. O homem ainda correu e caiu a uma certa dist\u00e2ncia.<\/p>\n<p style=\"text-align: justify;\">O Samu foi acionado mas j\u00e1 encontrou a v\u00edtima sem vida. Os policiais estiveram no local e confirmaram que a v\u00edtima responde pelo crime de homic\u00eddio.<\/p>\n<p style=\"text-align: justify;\">A irm\u00e3 da v\u00edtima disse que antes de sair de casa, ele recebeu uma liga\u00e7\u00e3o.<\/p>\n<p><strong>Do G1 SE<\/strong><\/p>\n","protected":false},"excerpt":{"rendered":"<p>&nbsp; Um homem de 38 anos foi morto a tiros na Avenida Presidente Juscelino Kubitschek, na Zona Norte de Aracaju no in\u00edcio da tarde desta ter\u00e7a-feira (11). O crime em uma das avenidas mais movimentadas da capital atraiu muitos curiosos. A v\u00edtima recebeu v\u00e1rios tiros pelas costas na porta de um col\u00e9gio. De acordo com [&hellip;]<\/p>\n","protected":false},"author":3,"featured_media":2049,"comment_status":"closed","ping_status":"closed","sticky":false,"template":"","format":"standard","meta":{"footnotes":""},"categories":[7],"tags":[],"class_list":{"0":"post-39378","1":"post","2":"type-post","3":"status-publish","4":"format-standard","5":"has-post-thumbnail","7":"category-policia"},"_links":{"self":[{"href":"https:\/\/senoticias.com.br\/se\/wp-json\/wp\/v2\/posts\/39378"}],"collection":[{"href":"https:\/\/senoticias.com.br\/se\/wp-json\/wp\/v2\/posts"}],"about":[{"href":"https:\/\/senoticias.com.br\/se\/wp-json\/wp\/v2\/types\/post"}],"author":[{"embeddable":true,"href":"https:\/\/senoticias.com.br\/se\/wp-json\/wp\/v2\/users\/3"}],"replies":[{"embeddable":true,"href":"https:\/\/senoticias.com.br\/se\/wp-json\/wp\/v2\/comments?post=39378"}],"version-history":[{"count":0,"href":"https:\/\/senoticias.com.br\/se\/wp-json\/wp\/v2\/posts\/39378\/revisions"}],"wp:featuredmedia":[{"embeddable":true,"href":"https:\/\/senoticias.com.br\/se\/wp-json\/wp\/v2\/media\/2049"}],"wp:attachment":[{"href":"https:\/\/senoticias.com.br\/se\/wp-json\/wp\/v2\/media?parent=39378"}],"wp:term":[{"taxonomy":"category","embeddable":true,"href":"https:\/\/senoticias.com.br\/se\/wp-json\/wp\/v2\/categories?post=39378"},{"taxonomy":"post_tag","embeddable":true,"href":"https:\/\/senoticias.com.br\/se\/wp-json\/wp\/v2\/tags?post=39378"}],"curies":[{"name":"wp","href":"https:\/\/api.w.org\/{rel}","templated":true}]}}