{"id":39375,"date":"2012-09-11T22:44:02","date_gmt":"2012-09-12T01:44:02","guid":{"rendered":"http:\/\/senoticias.com.br\/se\/?p=39375"},"modified":"2012-09-11T22:51:15","modified_gmt":"2012-09-12T01:51:15","slug":"39375","status":"publish","type":"post","link":"https:\/\/senoticias.com.br\/se\/39375\/","title":{"rendered":"Minist\u00e9rio P\u00fablico quer a cassa\u00e7\u00e3o de registro de candidatura a prefeito"},"content":{"rendered":"<p style=\"text-align: justify;\">\u00a0O Mini<a href=\"http:\/\/senoticias.com.br\/se\/wp-content\/uploads\/2011\/12\/MInist\u00e9rio-P\u00fablico.jpg\"><img loading=\"lazy\" decoding=\"async\" class=\"alignleft size-full wp-image-19850\" title=\"MInist\u00e9rio P\u00fablico\" src=\"http:\/\/senoticias.com.br\/se\/wp-content\/uploads\/2011\/12\/MInist\u00e9rio-P\u00fablico.jpg\" alt=\"\" width=\"220\" height=\"229\" \/><\/a>st\u00e9rio P\u00fablico Eleitoral, por interm\u00e9dio do Promotor de Justi\u00e7a Solano L\u00facio de Oliveira Silva, prop\u00f4s uma Representa\u00e7\u00e3o em face do candidato ao cargo de Prefeito do Munic\u00edpio de Porto da Folha, Albino Tavares de Almeida Neto.<\/p>\n<p style=\"text-align: justify;\">Segundo o Promotor Eleitoral, Dr. Albino, m\u00e9dico e candidato ao cargo de Prefeito do munic\u00edpio, realiza consultas m\u00e9dicas em sua resid\u00eancia, local onde exibe um banner com propaganda pol\u00edtica da sua candidatura, sem cobrar nada pelo seus servi\u00e7os.<\/p>\n<p style=\"text-align: justify;\">Al\u00e9m de consultar diversas pessoas gratuitamente, ele expede receitas sem autentica\u00e7\u00e3o, visando n\u00e3o demonstrar a sua atitude il\u00edcita. De acordo com o Art. 41-A da Lei n\u00ba 9.504\/97, constitui capta\u00e7\u00e3o de sufr\u00e1gio, o candidato que doar, oferecer, prometer ou entregar ao eleitor um bem ou vantagem de qualquer natureza, com o fim de obter-lhe o voto. Baseado na Lei e na coleta de provas e depoimentos, o Minist\u00e9rio P\u00fablico Eleitoral requer que o representado pague a multa m\u00e1xima prevista no artigo acima citado (R$50.000,00) e tenha o seu registro cassado, mediante a gravidade da conduta. Ou seja, o MP requer a cassa\u00e7\u00e3o da \u201cChapa pol\u00edtica\u201d composta pelos candidatos a prefeito, Albino Tavares de Almeida Neto e vice prefeito Francisco Barros de Azevedo.<\/p>\n<p style=\"text-align: justify;\">Al\u00e9m disso, o MP requer sejam oficiados a Pol\u00edcia Federal e os Conselhos Federal e Regional de Medicina, para que os mesmos, munidos da documenta\u00e7\u00e3o necess\u00e1ria, possam apurar o cometimento de il\u00edcitos constantes na legisla\u00e7\u00e3o em vigor.<\/p>\n<p style=\"text-align: justify;\">\u00a0Ascom, MP\/SE<\/p>\n","protected":false},"excerpt":{"rendered":"<p>\u00a0O Minist\u00e9rio P\u00fablico Eleitoral, por interm\u00e9dio do Promotor de Justi\u00e7a Solano L\u00facio de Oliveira Silva, prop\u00f4s uma Representa\u00e7\u00e3o em face do candidato ao cargo de Prefeito do Munic\u00edpio de Porto da Folha, Albino Tavares de Almeida Neto. Segundo o Promotor Eleitoral, Dr. Albino, m\u00e9dico e candidato ao cargo de Prefeito do munic\u00edpio, realiza consultas m\u00e9dicas [&hellip;]<\/p>\n","protected":false},"author":3,"featured_media":19850,"comment_status":"closed","ping_status":"closed","sticky":false,"template":"","format":"standard","meta":{"footnotes":""},"categories":[6,1],"tags":[],"class_list":{"0":"post-39375","1":"post","2":"type-post","3":"status-publish","4":"format-standard","5":"has-post-thumbnail","7":"category-politica","8":"category-sem-categoria"},"_links":{"self":[{"href":"https:\/\/senoticias.com.br\/se\/wp-json\/wp\/v2\/posts\/39375"}],"collection":[{"href":"https:\/\/senoticias.com.br\/se\/wp-json\/wp\/v2\/posts"}],"about":[{"href":"https:\/\/senoticias.com.br\/se\/wp-json\/wp\/v2\/types\/post"}],"author":[{"embeddable":true,"href":"https:\/\/senoticias.com.br\/se\/wp-json\/wp\/v2\/users\/3"}],"replies":[{"embeddable":true,"href":"https:\/\/senoticias.com.br\/se\/wp-json\/wp\/v2\/comments?post=39375"}],"version-history":[{"count":0,"href":"https:\/\/senoticias.com.br\/se\/wp-json\/wp\/v2\/posts\/39375\/revisions"}],"wp:featuredmedia":[{"embeddable":true,"href":"https:\/\/senoticias.com.br\/se\/wp-json\/wp\/v2\/media\/19850"}],"wp:attachment":[{"href":"https:\/\/senoticias.com.br\/se\/wp-json\/wp\/v2\/media?parent=39375"}],"wp:term":[{"taxonomy":"category","embeddable":true,"href":"https:\/\/senoticias.com.br\/se\/wp-json\/wp\/v2\/categories?post=39375"},{"taxonomy":"post_tag","embeddable":true,"href":"https:\/\/senoticias.com.br\/se\/wp-json\/wp\/v2\/tags?post=39375"}],"curies":[{"name":"wp","href":"https:\/\/api.w.org\/{rel}","templated":true}]}}