{"id":39370,"date":"2012-09-11T17:58:30","date_gmt":"2012-09-11T20:58:30","guid":{"rendered":"http:\/\/senoticias.com.br\/se\/?p=39370"},"modified":"2012-09-13T15:15:39","modified_gmt":"2012-09-13T18:15:39","slug":"marcio-macedo-apresenta-projeto-que-estabelece-seguro-desemprego-para-catadores-de-mangaba","status":"publish","type":"post","link":"https:\/\/senoticias.com.br\/se\/marcio-macedo-apresenta-projeto-que-estabelece-seguro-desemprego-para-catadores-de-mangaba\/","title":{"rendered":"M\u00e1rcio Mac\u00eado apresenta projeto que estabelece seguro-desemprego para catadores de mangaba"},"content":{"rendered":"<p>&nbsp;<\/p>\n<div id=\"attachment_39371\" style=\"width: 210px\" class=\"wp-caption alignleft\"><a href=\"http:\/\/senoticias.com.br\/se\/wp-content\/uploads\/2012\/09\/foto2.jpg\"><img loading=\"lazy\" decoding=\"async\" aria-describedby=\"caption-attachment-39371\" class=\"size-medium wp-image-39371\" title=\"foto2\" src=\"http:\/\/senoticias.com.br\/se\/wp-content\/uploads\/2012\/09\/foto2-200x300.jpg\" alt=\"\" width=\"200\" height=\"300\" srcset=\"https:\/\/senoticias.com.br\/se\/wp-content\/uploads\/2012\/09\/foto2-200x300.jpg 200w, https:\/\/senoticias.com.br\/se\/wp-content\/uploads\/2012\/09\/foto2-342x513.jpg 342w, https:\/\/senoticias.com.br\/se\/wp-content\/uploads\/2012\/09\/foto2-300x450.jpg 300w, https:\/\/senoticias.com.br\/se\/wp-content\/uploads\/2012\/09\/foto2.jpg 546w\" sizes=\"(max-width: 200px) 100vw, 200px\" \/><\/a><p id=\"caption-attachment-39371\" class=\"wp-caption-text\">Deputado federal M\u00e1rcio Mac\u00eado (PT). (Reprodu\u00e7\u00e3o)<\/p><\/div>\n<p style=\"text-align: justify;\">O deputado federal M\u00e1rcio Mac\u00eado (PT) apresentou projeto de lei que disp\u00f5e sobre a concess\u00e3o do benef\u00edcio do seguro-desemprego ao trabalhador na atividade de cata e de beneficiamento artesanal da mangaba, durante o per\u00edodo de entressafra. O valor do benef\u00edcio ser\u00e1 de um sal\u00e1rio-m\u00ednimo.<\/p>\n<p style=\"text-align: justify;\">De acordo com a proposta, para se habilitar ao seguro, o trabalhador dever\u00e1 demonstrar que foi remunerado pela atividade nos seis meses anteriores \u00e0 data do requerimento de habilita\u00e7\u00e3o ao benef\u00edcio, pertence \u00e0 fam\u00edlia cuja renda mensal per capita \u00e9 inferior a um sal\u00e1rio m\u00ednimo e n\u00e3o recebe qualquer outro benef\u00edcio no \u00e2mbito da seguridade social.<\/p>\n<p style=\"text-align: justify;\">Na justificativa do projeto, o parlamentar afirma que a mangaba tem se constitu\u00eddo numa excelente alternativa de renda para fam\u00edlias das \u00e1reas litor\u00e2neas e de cerrados do Brasil, e explica que, al\u00e9m de comest\u00edvel, a polpa da fruta pode ser utilizada na fabrica\u00e7\u00e3o de sucos, sorvetes, doces e bebidas. O deputado lembra ainda que o maior produtor brasileiro de mangaba \u00e9 o Estado de Sergipe.<\/p>\n<p style=\"text-align: justify;\">M\u00e1rcio Mac\u00eado tamb\u00e9m trata, na justificativa da proposi\u00e7\u00e3o, sobre o cultivo da fruta e diz que, tradicionalmente, a colheita \u00e9 feita por mulheres. Al\u00e9m disso, destaca ele, a atividade \u00e9 predominantemente artesanal, seguindo o modelo de economia extrativista, com pleno respeito ao meio ambiente e ao ciclo natural da \u00e1rvore.<\/p>\n<p style=\"text-align: justify;\">\u201cEm raz\u00e3o disso, durante a entressafra, essas trabalhadoras ficam privadas da renda de sua atividade. Nada mais justo, ent\u00e3o, que se d\u00ea a essa categoria um pequeno benef\u00edcio a t\u00edtulo de seguro-desemprego, a exemplo do benef\u00edcio j\u00e1 concedido a outros trabalhadores que vivem do extrativismo vegetal e que se submetem aos ciclos naturais de reposi\u00e7\u00e3o de seus produtos\u201d, afirma.<\/p>\n<p style=\"text-align: justify;\">Ele afirma ainda que \u201ca medida proposta \u00e9 vital para garantir a sobreviv\u00eancia dos mangabais, dos trabalhadores na atividade extrativista vegetal de coleta da fruta e apoiar a explora\u00e7\u00e3o sustent\u00e1vel da biodiversidade\u201d.<\/p>\n<p><em><strong>Assessoria Parlamentar<\/strong><\/em><\/p>\n","protected":false},"excerpt":{"rendered":"<p>&nbsp; O deputado federal M\u00e1rcio Mac\u00eado (PT) apresentou projeto de lei que disp\u00f5e sobre a concess\u00e3o do benef\u00edcio do seguro-desemprego ao trabalhador na atividade de cata e de beneficiamento artesanal da mangaba, durante o per\u00edodo de entressafra. O valor do benef\u00edcio ser\u00e1 de um sal\u00e1rio-m\u00ednimo. De acordo com a proposta, para se habilitar ao seguro, [&hellip;]<\/p>\n","protected":false},"author":3,"featured_media":39371,"comment_status":"closed","ping_status":"closed","sticky":false,"template":"","format":"standard","meta":{"footnotes":""},"categories":[6],"tags":[],"class_list":{"0":"post-39370","1":"post","2":"type-post","3":"status-publish","4":"format-standard","5":"has-post-thumbnail","7":"category-politica"},"_links":{"self":[{"href":"https:\/\/senoticias.com.br\/se\/wp-json\/wp\/v2\/posts\/39370"}],"collection":[{"href":"https:\/\/senoticias.com.br\/se\/wp-json\/wp\/v2\/posts"}],"about":[{"href":"https:\/\/senoticias.com.br\/se\/wp-json\/wp\/v2\/types\/post"}],"author":[{"embeddable":true,"href":"https:\/\/senoticias.com.br\/se\/wp-json\/wp\/v2\/users\/3"}],"replies":[{"embeddable":true,"href":"https:\/\/senoticias.com.br\/se\/wp-json\/wp\/v2\/comments?post=39370"}],"version-history":[{"count":0,"href":"https:\/\/senoticias.com.br\/se\/wp-json\/wp\/v2\/posts\/39370\/revisions"}],"wp:featuredmedia":[{"embeddable":true,"href":"https:\/\/senoticias.com.br\/se\/wp-json\/wp\/v2\/media\/39371"}],"wp:attachment":[{"href":"https:\/\/senoticias.com.br\/se\/wp-json\/wp\/v2\/media?parent=39370"}],"wp:term":[{"taxonomy":"category","embeddable":true,"href":"https:\/\/senoticias.com.br\/se\/wp-json\/wp\/v2\/categories?post=39370"},{"taxonomy":"post_tag","embeddable":true,"href":"https:\/\/senoticias.com.br\/se\/wp-json\/wp\/v2\/tags?post=39370"}],"curies":[{"name":"wp","href":"https:\/\/api.w.org\/{rel}","templated":true}]}}