{"id":38910,"date":"2012-08-26T05:44:46","date_gmt":"2012-08-26T08:44:46","guid":{"rendered":"http:\/\/senoticias.com.br\/se\/?p=38910"},"modified":"2012-08-26T09:59:16","modified_gmt":"2012-08-26T12:59:16","slug":"governo-diz-que-nao-negocia-mais-com-professores","status":"publish","type":"post","link":"https:\/\/senoticias.com.br\/se\/governo-diz-que-nao-negocia-mais-com-professores\/","title":{"rendered":"Governo diz que n\u00e3o negocia mais com professores"},"content":{"rendered":"<p>&nbsp;<\/p>\n<p style=\"text-align: justify;\"><span style=\"color: #333333;\"><strong>Minist\u00e9rios da Educa\u00e7\u00e3o e do Planejamento dizem que n\u00e3o v\u00e3o analisar documento protocolado pelo sindicato dos grevistas<\/strong><\/span><\/p>\n<div id=\"attachment_12292\" style=\"width: 310px\" class=\"wp-caption alignleft\"><a href=\"http:\/\/senoticias.com.br\/se\/wp-content\/uploads\/2011\/08\/grande-ufs-2008.jpg\"><img loading=\"lazy\" decoding=\"async\" aria-describedby=\"caption-attachment-12292\" class=\"size-medium wp-image-12292\" title=\"grande-ufs-2008\" src=\"http:\/\/senoticias.com.br\/se\/wp-content\/uploads\/2011\/08\/grande-ufs-2008-300x225.jpg\" alt=\"\" width=\"300\" height=\"225\" srcset=\"https:\/\/senoticias.com.br\/se\/wp-content\/uploads\/2011\/08\/grande-ufs-2008-300x225.jpg 300w, https:\/\/senoticias.com.br\/se\/wp-content\/uploads\/2011\/08\/grande-ufs-2008-342x256.jpg 342w, https:\/\/senoticias.com.br\/se\/wp-content\/uploads\/2011\/08\/grande-ufs-2008-60x45.jpg 60w, https:\/\/senoticias.com.br\/se\/wp-content\/uploads\/2011\/08\/grande-ufs-2008-150x113.jpg 150w, https:\/\/senoticias.com.br\/se\/wp-content\/uploads\/2011\/08\/grande-ufs-2008-269x201.jpg 269w, https:\/\/senoticias.com.br\/se\/wp-content\/uploads\/2011\/08\/grande-ufs-2008.jpg 700w\" sizes=\"(max-width: 300px) 100vw, 300px\" \/><\/a><p id=\"caption-attachment-12292\" class=\"wp-caption-text\">MEC diz que n\u00e3o negocia mais com professores. (Reprodu\u00e7\u00e3o)<\/p><\/div>\n<p style=\"text-align: justify;\">Os minist\u00e9rios da Educa\u00e7\u00e3o e do Planejamento emitiram na sexta-feira um comunicado reafirmando que n\u00e3o haver\u00e1 reabertura de negocia\u00e7\u00f5es com os professores das universidades federais em greve h\u00e1 cem dias. As pastas destacaram que um acordo j\u00e1 foi assinado com Federa\u00e7\u00e3o de Sindicatos de Professores de Institui\u00e7\u00f5es Federais de Ensino Superior (Proifes) no in\u00edcio do m\u00eas. No entanto, outras entidades sindicais alegam que a Proifes representa a minoria dos docentes, o que invalidaria o acordo.<\/p>\n<p style=\"text-align: justify;\">Na quinta-feira, a presidente do Sindicato Nacional dos Docentes das Institui\u00e7\u00f5es de Ensino Superior (Andes), Marinalva de Oliveira, protocolou em Bras\u00edlia uma contraproposta \u00e0 oferta feita pelo governo. No documento, a categoria abre m\u00e3o do aumento salarial, acatando o piso de 2.000 reais apresentados pelo governo federal, ficando 500 reais abaixo do valor pedido pelos professores. Em troca, pede a reestrutura\u00e7\u00e3o da carreira docente. O Andes pede que, a cada degrau de progress\u00e3o, os professores recebem aumento salarial de 4% \u2013 antes, o percentual desejado era 5%.<\/p>\n<p style=\"text-align: justify;\">Apesar da contraproposta, o governo considera as negocia\u00e7\u00f5es encerradas desde que assinou o acordo com o Proifes. &#8220;As entidades sindicais que n\u00e3o assinaram o acordo podem faz\u00ea-lo a qualquer momento. Entretanto, o or\u00e7amento do Minist\u00e9rio da Educa\u00e7\u00e3o j\u00e1 foi encaminhado ao Minist\u00e9rio do Planejamento com a proposta negociada e est\u00e1 em processamento. N\u00e3o h\u00e1 possibilidade de reabertura de negocia\u00e7\u00f5es ou de an\u00e1lise de qualquer outra contraproposta que altere o acordo j\u00e1 assinado&#8221;, diz o governo no comunicado desta sexta-feira.<\/p>\n","protected":false},"excerpt":{"rendered":"<p>&nbsp; Minist\u00e9rios da Educa\u00e7\u00e3o e do Planejamento dizem que n\u00e3o v\u00e3o analisar documento protocolado pelo sindicato dos grevistas Os minist\u00e9rios da Educa\u00e7\u00e3o e do Planejamento emitiram na sexta-feira um comunicado reafirmando que n\u00e3o haver\u00e1 reabertura de negocia\u00e7\u00f5es com os professores das universidades federais em greve h\u00e1 cem dias. As pastas destacaram que um acordo j\u00e1 [&hellip;]<\/p>\n","protected":false},"author":3,"featured_media":12292,"comment_status":"closed","ping_status":"closed","sticky":false,"template":"","format":"standard","meta":{"footnotes":""},"categories":[44,26],"tags":[],"class_list":{"0":"post-38910","1":"post","2":"type-post","3":"status-publish","4":"format-standard","5":"has-post-thumbnail","7":"category-educacao","8":"category-esportes"},"_links":{"self":[{"href":"https:\/\/senoticias.com.br\/se\/wp-json\/wp\/v2\/posts\/38910"}],"collection":[{"href":"https:\/\/senoticias.com.br\/se\/wp-json\/wp\/v2\/posts"}],"about":[{"href":"https:\/\/senoticias.com.br\/se\/wp-json\/wp\/v2\/types\/post"}],"author":[{"embeddable":true,"href":"https:\/\/senoticias.com.br\/se\/wp-json\/wp\/v2\/users\/3"}],"replies":[{"embeddable":true,"href":"https:\/\/senoticias.com.br\/se\/wp-json\/wp\/v2\/comments?post=38910"}],"version-history":[{"count":0,"href":"https:\/\/senoticias.com.br\/se\/wp-json\/wp\/v2\/posts\/38910\/revisions"}],"wp:featuredmedia":[{"embeddable":true,"href":"https:\/\/senoticias.com.br\/se\/wp-json\/wp\/v2\/media\/12292"}],"wp:attachment":[{"href":"https:\/\/senoticias.com.br\/se\/wp-json\/wp\/v2\/media?parent=38910"}],"wp:term":[{"taxonomy":"category","embeddable":true,"href":"https:\/\/senoticias.com.br\/se\/wp-json\/wp\/v2\/categories?post=38910"},{"taxonomy":"post_tag","embeddable":true,"href":"https:\/\/senoticias.com.br\/se\/wp-json\/wp\/v2\/tags?post=38910"}],"curies":[{"name":"wp","href":"https:\/\/api.w.org\/{rel}","templated":true}]}}