{"id":38895,"date":"2012-08-25T11:42:01","date_gmt":"2012-08-25T14:42:01","guid":{"rendered":"http:\/\/senoticias.com.br\/se\/?p=38895"},"modified":"2012-08-25T12:02:41","modified_gmt":"2012-08-25T15:02:41","slug":"mendonca-prado-e-agraciado-com-medalha-do-pacificador","status":"publish","type":"post","link":"https:\/\/senoticias.com.br\/se\/mendonca-prado-e-agraciado-com-medalha-do-pacificador\/","title":{"rendered":"Mendon\u00e7a Prado \u00e9 agraciado com Medalha do Pacificador"},"content":{"rendered":"<p>&nbsp;<\/p>\n<p style=\"text-align: justify;\"><a href=\"http:\/\/senoticias.com.br\/se\/wp-content\/uploads\/2012\/08\/556524_128281087318512_416567362_n.jpg\"><img loading=\"lazy\" decoding=\"async\" class=\"alignleft size-medium wp-image-38897\" title=\"556524_128281087318512_416567362_n\" src=\"http:\/\/senoticias.com.br\/se\/wp-content\/uploads\/2012\/08\/556524_128281087318512_416567362_n-300x168.jpg\" alt=\"\" width=\"300\" height=\"168\" srcset=\"https:\/\/senoticias.com.br\/se\/wp-content\/uploads\/2012\/08\/556524_128281087318512_416567362_n-300x168.jpg 300w, https:\/\/senoticias.com.br\/se\/wp-content\/uploads\/2012\/08\/556524_128281087318512_416567362_n-342x192.jpg 342w, https:\/\/senoticias.com.br\/se\/wp-content\/uploads\/2012\/08\/556524_128281087318512_416567362_n.jpg 640w\" sizes=\"(max-width: 300px) 100vw, 300px\" \/><\/a>Nesta sexta-feira (24), o deputado federal Mendon\u00e7a Prado (Democratas\/SE), 1\u00ba vice-presidente da Comiss\u00e3o de Seguran\u00e7a P\u00fablica e Combate ao Crime Organizado (CSPCCO) da C\u00e2mara dos Deputados, foi o \u00fanico sergipano da noite a ser agraciado com a Medalha do Pacificador, entre 111 homenageados em todo o pa\u00eds.<\/p>\n<p style=\"text-align: justify;\">A honraria &#8211; a mais alta ins\u00edgnia do Ex\u00e9rcito Brasileiro &#8211; foi outorgada pelo Comandante do Ex\u00e9rcito Brasileiro, General Enzo Martins Peri. A indica\u00e7\u00e3o ao parlamentar se deu em virtude do seu trabalho e do seu empenho e dedica\u00e7\u00e3o em prol da seguran\u00e7a p\u00fablica brasileira.<\/p>\n<p style=\"text-align: justify;\">\u201c\u00c9 com alegria que receberei essa medalha t\u00e3o representativa do Ex\u00e9rcito brasileiro. Al\u00e9m de ser uma institui\u00e7\u00e3o de grande credibilidade, tem um relevante papel na forma\u00e7\u00e3o dos jovens e na defesa dos princ\u00edpios fundamentais\u201d, disse Mendon\u00e7a.<\/p>\n<p style=\"text-align: justify;\">A condecora\u00e7\u00e3o aconteceu no quartel do 28\u00ba Batalh\u00e3o dos Ca\u00e7adores, em Aracaju, durante comemora\u00e7\u00e3o ao Dia do Soldado e da solenidade em homenagem ao Marechal Lu\u00eds Alves de Lima e Silva &#8211; o Duque de Caxias &#8211; Patrono do Ex\u00e9rcito e Pacificador da P\u00e1tria.<\/p>\n<p style=\"text-align: justify;\">Na ocasi\u00e3o, estiveram presentes o comandante do 28\u00ba BC, Tenente-Coronel Sebasti\u00e3o Roberto de Oliveira; o Coronel de Infantaria Jo\u00e3o Batista Bas\u00edlio, Chefe da 19\u00aa CSM; o desembargador, Art\u00eamio Barreto; o chefe da Controladoria-Geral do Estado, Manoel Gomes; o comandante geral da Pol\u00edcia Militar de Sergipe, Coronel Maur\u00edcio Iunes;<\/p>\n<p style=\"text-align: justify;\"><strong>HIST\u00d3RICO:<\/strong><\/p>\n<p style=\"text-align: justify;\">A Medalha do Pacificador foi criada pela Portaria n\u00ba 345, de 25 de agosto de 1953, como evoca\u00e7\u00e3o \u00e0s homenagens prestadas a Luiz Alves de Lima e Silva, o Duque de Caxias, por ocasi\u00e3o do sesquicenten\u00e1rio de seu nascimento. O Governo da Rep\u00fablica, em 1954, autorizou o uso dessa condecora\u00e7\u00e3o nos uniformes militares.<\/p>\n<p style=\"text-align: justify;\">A partir de 1955, transformou-se em honraria a ser conferida a militares e civis, brasileiros ou estrangeiros, que tivessem prestado assinalados servi\u00e7os ao Ex\u00e9rcito, elevando o prest\u00edgio da Institui\u00e7\u00e3o ou desenvolvendo as rela\u00e7\u00f5es de amizade entre o Ex\u00e9rcito Brasileiro e os de outras na\u00e7\u00f5es.<\/p>\n<p style=\"text-align: justify;\"><span style=\"color: #333333;\"><em><strong>Por Vanessa Franco \u2013 Assessoria de Imprensa<\/strong><\/em><\/span><\/p>\n","protected":false},"excerpt":{"rendered":"<p>&nbsp; Nesta sexta-feira (24), o deputado federal Mendon\u00e7a Prado (Democratas\/SE), 1\u00ba vice-presidente da Comiss\u00e3o de Seguran\u00e7a P\u00fablica e Combate ao Crime Organizado (CSPCCO) da C\u00e2mara dos Deputados, foi o \u00fanico sergipano da noite a ser agraciado com a Medalha do Pacificador, entre 111 homenageados em todo o pa\u00eds. A honraria &#8211; a mais alta ins\u00edgnia [&hellip;]<\/p>\n","protected":false},"author":2,"featured_media":38897,"comment_status":"closed","ping_status":"closed","sticky":false,"template":"","format":"standard","meta":{"footnotes":""},"categories":[6],"tags":[],"class_list":{"0":"post-38895","1":"post","2":"type-post","3":"status-publish","4":"format-standard","5":"has-post-thumbnail","7":"category-politica"},"_links":{"self":[{"href":"https:\/\/senoticias.com.br\/se\/wp-json\/wp\/v2\/posts\/38895"}],"collection":[{"href":"https:\/\/senoticias.com.br\/se\/wp-json\/wp\/v2\/posts"}],"about":[{"href":"https:\/\/senoticias.com.br\/se\/wp-json\/wp\/v2\/types\/post"}],"author":[{"embeddable":true,"href":"https:\/\/senoticias.com.br\/se\/wp-json\/wp\/v2\/users\/2"}],"replies":[{"embeddable":true,"href":"https:\/\/senoticias.com.br\/se\/wp-json\/wp\/v2\/comments?post=38895"}],"version-history":[{"count":0,"href":"https:\/\/senoticias.com.br\/se\/wp-json\/wp\/v2\/posts\/38895\/revisions"}],"wp:featuredmedia":[{"embeddable":true,"href":"https:\/\/senoticias.com.br\/se\/wp-json\/wp\/v2\/media\/38897"}],"wp:attachment":[{"href":"https:\/\/senoticias.com.br\/se\/wp-json\/wp\/v2\/media?parent=38895"}],"wp:term":[{"taxonomy":"category","embeddable":true,"href":"https:\/\/senoticias.com.br\/se\/wp-json\/wp\/v2\/categories?post=38895"},{"taxonomy":"post_tag","embeddable":true,"href":"https:\/\/senoticias.com.br\/se\/wp-json\/wp\/v2\/tags?post=38895"}],"curies":[{"name":"wp","href":"https:\/\/api.w.org\/{rel}","templated":true}]}}