{"id":38893,"date":"2012-08-25T10:33:27","date_gmt":"2012-08-25T13:33:27","guid":{"rendered":"http:\/\/senoticias.com.br\/se\/?p=38893"},"modified":"2012-08-27T16:35:02","modified_gmt":"2012-08-27T19:35:02","slug":"policial-e-morto-no-interior-ao-tentar-evitar-assassinato","status":"publish","type":"post","link":"https:\/\/senoticias.com.br\/se\/policial-e-morto-no-interior-ao-tentar-evitar-assassinato\/","title":{"rendered":"Cabo \u00e9 morto em Carira ao tentar evitar assassinato"},"content":{"rendered":"<div id=\"attachment_38904\" style=\"width: 238px\" class=\"wp-caption alignleft\"><a href=\"http:\/\/senoticias.com.br\/se\/wp-content\/uploads\/2012\/08\/Cabo.jpg\"><img loading=\"lazy\" decoding=\"async\" aria-describedby=\"caption-attachment-38904\" class=\"size-full wp-image-38904\" title=\"Cabo\" src=\"http:\/\/senoticias.com.br\/se\/wp-content\/uploads\/2012\/08\/Cabo.jpg\" alt=\"\" width=\"228\" height=\"173\" srcset=\"https:\/\/senoticias.com.br\/se\/wp-content\/uploads\/2012\/08\/Cabo.jpg 228w, https:\/\/senoticias.com.br\/se\/wp-content\/uploads\/2012\/08\/Cabo-60x45.jpg 60w, https:\/\/senoticias.com.br\/se\/wp-content\/uploads\/2012\/08\/Cabo-150x113.jpg 150w\" sizes=\"(max-width: 228px) 100vw, 228px\" \/><\/a><p id=\"caption-attachment-38904\" class=\"wp-caption-text\">A pol\u00edcia vai investigar o que motivou a execu\u00e7\u00e3o do policial militar (Foto: Reprodu\u00e7\u00e3o\/ TV Atalaia)<\/p><\/div>\n<p style=\"text-align: justify;\">O policial militar identificado como Juarez Medrade foi morto, por volta da meia noite desta sexta-feira, 24, em Carira. Informa\u00e7\u00f5es d\u00e3o conta que o militar foi morto por dois pistoleiros quando tentava evitar um assassinato.<\/p>\n<p style=\"text-align: justify;\">O crime teria sido praticado em um bar, onde o policial militar se encontrava, quando dois elementos fortemente armados chegaram ao estabelecimento comercial com a inten\u00e7\u00e3o de matar um homem identificado como Givaldo.<\/p>\n<p style=\"text-align: justify;\">Ao perceber a a\u00e7\u00e3o dos pistoleiros, o policial tentou evitar o assassinato, mas acabou sendo baleado. De acordo com informa\u00e7\u00f5es da pol\u00edcia de Carira, os pistoleiros mataram o homem identificado por Givaldo (que era procurado pelos pistoleiros), o policial militar, al\u00e9m de ferir quatro pessoas.<\/p>\n<p style=\"text-align: justify;\">Ap\u00f3s os crimes, os bandidos fugiram com destino ignorado. A pol\u00edcia desconhece os motivos do crime.<\/p>\n<p style=\"text-align: justify;\">O sepultamento do militar aconteceu \u00e0s 15h deste s\u00e1bado, em Nossa Senhora da Gl\u00f3ria, sua cidade natal.<\/p>\n<p style=\"text-align: justify;\"><em><strong>Reda\u00e7\u00e3o &#8211; Caju News<\/strong><\/em><\/p>\n","protected":false},"excerpt":{"rendered":"<p>O policial militar identificado como Juarez Medrade foi morto, por volta da meia noite desta sexta-feira, 24, em Carira. Informa\u00e7\u00f5es d\u00e3o conta que o militar foi morto por dois pistoleiros quando tentava evitar um assassinato. O crime teria sido praticado em um bar, onde o policial militar se encontrava, quando dois elementos fortemente armados chegaram [&hellip;]<\/p>\n","protected":false},"author":3,"featured_media":38904,"comment_status":"closed","ping_status":"closed","sticky":false,"template":"","format":"standard","meta":{"footnotes":""},"categories":[7],"tags":[],"class_list":{"0":"post-38893","1":"post","2":"type-post","3":"status-publish","4":"format-standard","5":"has-post-thumbnail","7":"category-policia"},"_links":{"self":[{"href":"https:\/\/senoticias.com.br\/se\/wp-json\/wp\/v2\/posts\/38893"}],"collection":[{"href":"https:\/\/senoticias.com.br\/se\/wp-json\/wp\/v2\/posts"}],"about":[{"href":"https:\/\/senoticias.com.br\/se\/wp-json\/wp\/v2\/types\/post"}],"author":[{"embeddable":true,"href":"https:\/\/senoticias.com.br\/se\/wp-json\/wp\/v2\/users\/3"}],"replies":[{"embeddable":true,"href":"https:\/\/senoticias.com.br\/se\/wp-json\/wp\/v2\/comments?post=38893"}],"version-history":[{"count":0,"href":"https:\/\/senoticias.com.br\/se\/wp-json\/wp\/v2\/posts\/38893\/revisions"}],"wp:featuredmedia":[{"embeddable":true,"href":"https:\/\/senoticias.com.br\/se\/wp-json\/wp\/v2\/media\/38904"}],"wp:attachment":[{"href":"https:\/\/senoticias.com.br\/se\/wp-json\/wp\/v2\/media?parent=38893"}],"wp:term":[{"taxonomy":"category","embeddable":true,"href":"https:\/\/senoticias.com.br\/se\/wp-json\/wp\/v2\/categories?post=38893"},{"taxonomy":"post_tag","embeddable":true,"href":"https:\/\/senoticias.com.br\/se\/wp-json\/wp\/v2\/tags?post=38893"}],"curies":[{"name":"wp","href":"https:\/\/api.w.org\/{rel}","templated":true}]}}