{"id":38890,"date":"2012-08-25T07:24:15","date_gmt":"2012-08-25T10:24:15","guid":{"rendered":"http:\/\/senoticias.com.br\/se\/?p=38890"},"modified":"2012-08-25T07:24:15","modified_gmt":"2012-08-25T10:24:15","slug":"governo-consegue-aprovacao-de-us-70-mi-para-o-aguas-de-sergipe","status":"publish","type":"post","link":"https:\/\/senoticias.com.br\/se\/governo-consegue-aprovacao-de-us-70-mi-para-o-aguas-de-sergipe\/","title":{"rendered":"Governo consegue aprova\u00e7\u00e3o de US$ 70 mi para o \u00c1guas de Sergipe"},"content":{"rendered":"<p>&nbsp;<\/p>\n<p style=\"text-align: justify;\"><a href=\"http:\/\/senoticias.com.br\/se\/wp-content\/uploads\/2012\/08\/\u00c1guas.jpeg\"><img loading=\"lazy\" decoding=\"async\" class=\"alignleft size-full wp-image-38891\" title=\"\u00c1guas\" src=\"http:\/\/senoticias.com.br\/se\/wp-content\/uploads\/2012\/08\/\u00c1guas.jpeg\" alt=\"\" width=\"300\" height=\"223\" srcset=\"https:\/\/senoticias.com.br\/se\/wp-content\/uploads\/2012\/08\/\u00c1guas.jpeg 300w, https:\/\/senoticias.com.br\/se\/wp-content\/uploads\/2012\/08\/\u00c1guas-60x45.jpg 60w, https:\/\/senoticias.com.br\/se\/wp-content\/uploads\/2012\/08\/\u00c1guas-150x113.jpg 150w, https:\/\/senoticias.com.br\/se\/wp-content\/uploads\/2012\/08\/\u00c1guas-269x201.jpg 269w\" sizes=\"(max-width: 300px) 100vw, 300px\" \/><\/a>Sergipe conquista uma grande vit\u00f3ria para o futuro de uma das suas mais importantes riquezas naturais: os recursos h\u00eddricos da Bacia do Rio Sergipe. Nesta sexta-feira, 27, o Di\u00e1rio Oficial da Uni\u00e3o trouxe a autoriza\u00e7\u00e3o do ministro da Fazenda, Guido Mantega, para a contrata\u00e7\u00e3o de mais de US$ 70 milh\u00f5es junto ao Banco Mundial para o Programa \u00c1guas de Sergipe que, no total, incluindo a contrapartida do Governo em obras do PAC, envolver\u00e1 investimentos de US$ 117 milh\u00f5es para melhorar a gest\u00e3o das \u00e1guas ao longo de todo o curso do Rio Sergipe e dos demais rios que comp\u00f5e a bacia.<\/p>\n<p style=\"text-align: justify;\">Para o governador Marcelo D\u00e9da, projeto \u00e9 muito aplaudido pelas autoridades federais e pelos ambientalistas do Brasil inteiro e que tem v\u00e1rios eixos de interven\u00e7\u00e3o nas \u00e1reas ambiental, recuperando a qualidade das \u00e1guas; de esgotamento sanit\u00e1rio, no que concerne ao fornecimento de \u00e1gua tratada; e na \u00e1rea de recupera\u00e7\u00e3o do meio ambiente.<\/p>\n<p style=\"text-align: justify;\">\u201c\u00c9 um projeto integrado com foco na quest\u00e3o ambiental para buscar recuperar a bacia do Rio Sergipe, aliado a outros investimentos que somam quase R$ 500 milh\u00f5es de reais, que n\u00f3s estamos fazendo em S\u00e3o Crist\u00f3v\u00e3o, Barra dos Coqueiros, Aracaju e Socorro, na implanta\u00e7\u00e3o do esgoto. A nossa meta \u00e9 que possamos garantir que nos pr\u00f3ximos anos o Rio Sergipe tenha condi\u00e7\u00f5es de recuperar-se completamente e voltar a ser um rio saud\u00e1vel, balne\u00e1vel, com peixes sadios, um rio em que o turismo e a pr\u00e1tica de esportes voltem a acontecer\u201d, sentenciou o chefe do Executivo estadual.<\/p>\n<p style=\"text-align: justify;\">De acordo com secret\u00e1rio de Estado do Planejamento, Or\u00e7amento e Gest\u00e3o, Oliveira J\u00fanior, o programa de recupera\u00e7\u00e3o do Rio \u00e9 um projeto inovador, integrando tecnologias modernas de preserva\u00e7\u00e3o do meio ambiente, cuidando das \u00e1guas do rio e evitando que o crescimento da Grande Aracaju e o uso para agricultura das \u00e1guas da bacia continuem poluindo e matando a bacia.<\/p>\n<p style=\"text-align: justify;\">\u201cPara promover o uso mais eficiente e sustent\u00e1vel da \u00e1gua, o governo quer fortalecer instrumentos de governan\u00e7a e melhorar as pr\u00e1ticas produtivas da agricultura, orientando o manejo sustent\u00e1vel da \u00e1gua e do solo, al\u00e9m de melhorar o esgotamento sanit\u00e1rio e o uso da \u00e1gua para consumo humano. No geral, o objetivo \u00e9 fortalecer as pol\u00edticas de gest\u00e3o do meio ambiente e dos recursos h\u00eddricos no estado de Sergipe, com a\u00e7\u00f5es que revitalizam e preservam a bacia hidrogr\u00e1fica do Rio Sergipe, sob uma perspectiva integrada\u201d, explica Oliveira Junior.<\/p>\n<p style=\"text-align: justify;\"><strong>Bacia Diversificada<\/strong><\/p>\n<p style=\"text-align: justify;\">Segundo o secret\u00e1rio de Estado do Meio Ambiente e Recursos H\u00eddricos, Genival Nunes, a justificativa do programa \u00e9 uma proposta integrada, que enfrenta a condi\u00e7\u00e3o de tripla desigualdade em que se encontra o rio. \u201cEm Sergipe, sabemos que h\u00e1 concentra\u00e7\u00e3o da renda, resultando em desigualdade social e exclus\u00e3o; concentra\u00e7\u00e3o da infraestrutura social e produtiva no litoral do estado, j\u00e1 que 70% do PIB \u00e9 produzido no litoral e a maioria das oportunidades de emprego; al\u00e9m de concentra\u00e7\u00e3o industrial nas plantas de petr\u00f3leo e energia hidrel\u00e9trica, com a alta participa\u00e7\u00e3o da Petrobras e Chesf no PIB industrial do Estado. Esse modelo econ\u00f4mico acaba por gerar consequ\u00eancias econ\u00f4micas e sociais que aprofundam os desequil\u00edbrios ambientais&#8221;, revela Genival Nunes.<\/p>\n<p style=\"text-align: justify;\">Por isso, a Bacia do Rio Sergipe foi estudada em toda a sua extens\u00e3o, e para cada regi\u00e3o o diagn\u00f3stico prop\u00f4s a\u00e7\u00f5es diferenciadas. Assim, o chamado Alto do Rio Sergipe, localizado na regi\u00e3o do semi\u00e1rido sergipano \u00e9 uma das regi\u00f5es beneficiadas pelo recurso. L\u00e1, a principal preocupa\u00e7\u00e3o \u00e9 mesmo a escassez de \u00e1gua em quantidade e em qualidade. Nessa regi\u00e3o a principal preocupa\u00e7\u00e3o do projeto foi a recupera\u00e7\u00e3o dos afluentes do rio Sergipe, que ser\u00e3o revitalizados, atrav\u00e9s do replantio das matas ciliares. Tamb\u00e9m existem a\u00e7\u00f5es planejadas para reduzir as perdas com a irriga\u00e7\u00e3o, j\u00e1 que a escassez da \u00e1gua \u00e9 o principal problema, e a irriga\u00e7\u00e3o ainda utiliza m\u00e9todos poucos produtivos.<\/p>\n<p style=\"text-align: justify;\">\u201cOutra regi\u00e3o que chama a aten\u00e7\u00e3o \u00e9 o M\u00e9dio Rio Sergipe, que corta o Agreste do Estado. Ali, problemas de opera\u00e7\u00e3o e manuten\u00e7\u00e3o de barragens e adutoras provocam baixa efici\u00eancia na utiliza\u00e7\u00e3o dos recursos h\u00eddricos, mas o pior \u00e9 o uso indiscriminado de agrot\u00f3xicos, que contamina o meio ambiente, o que tamb\u00e9m ocorre pela disposi\u00e7\u00e3o inadequada de res\u00edduos s\u00f3lidos\u201d, relata o secret\u00e1rio Oliveira J\u00fanior. Dessa forma, as a\u00e7\u00f5es do projeto priorizam o uso da \u00e1gua para a agricultura, com a\u00e7\u00f5es nos per\u00edmetros irrigados de Jacarecica e Ribeira, al\u00e9m de a\u00e7\u00f5es de saneamento na cidade de Itabaiana.<\/p>\n<p style=\"text-align: justify;\">Por fim, no Baixo Rio Sergipe, que desagua na zona costeira do estado, as demandas crescentes s\u00e3o para uso dom\u00e9stico e industrial da \u00e1gua, e o diagn\u00f3stico revela problemas conhecidos como as ocupa\u00e7\u00f5es irregulares de manguezais e \u00e1reas ambientalmente sens\u00edveis, bem como car\u00eancias de servi\u00e7os de saneamento. Nesta \u00e1rea, as principais a\u00e7\u00f5es s\u00e3o para o tratamento correto de res\u00edduos, melhoria do esgotamento sanit\u00e1rio tanto na rede coletora como no tratamento final e a\u00e7\u00f5es de educa\u00e7\u00e3o ambiental.<\/p>\n<p style=\"text-align: justify;\"><strong>Solu\u00e7\u00f5es<\/strong><\/p>\n<p style=\"text-align: justify;\">Para atender \u00e0 proposta de solu\u00e7\u00e3o econ\u00f4mica, social e ambiental, o projeto \u00c1guas de Sergipe deve ser totalmente executado em cinco anos e estruturado em tr\u00eas componentes. O primeiro \u00e9 o de gest\u00e3o de recursos h\u00eddricos e desenvolvimento, que aborda o desenvolvimento institucional dos \u00f3rg\u00e3os envolvidos, instrumentos de gest\u00e3o ambiental e gest\u00e3o de recursos h\u00eddricos, gest\u00e3o ambiental de uso do solo na bacia do rio Sergipe, modelos de gest\u00e3o e regula\u00e7\u00e3o de servi\u00e7os, comunica\u00e7\u00e3o social e educa\u00e7\u00e3o sanit\u00e1ria e ambiental, al\u00e9m de gerenciamento, auditoria, monitoramento, avalia\u00e7\u00e3o e comunica\u00e7\u00e3o do programa. Por sua vez, o segundo componente \u00e9 denominado \u00c1gua e Irriga\u00e7\u00e3o.<\/p>\n<p style=\"text-align: justify;\">Ele envolve a moderniza\u00e7\u00e3o da infraestrutura h\u00eddrica na bacia, moderniza\u00e7\u00e3o e recupera\u00e7\u00e3o de per\u00edmetros irrigados, a\u00e7\u00f5es de gest\u00e3o ambiental na agricultura irrigada e fortalecimento institucional dos \u00f3rg\u00e3os envolvidos. E o \u00faltimo componente \u00e9 o \u00c1gua e Cidades, que engloba melhorias estruturais e de efici\u00eancia operacional da infraestrutura de saneamento, com a\u00e7\u00f5es de amplia\u00e7\u00e3o e melhoria de sistemas de abastecimento de \u00e1gua, especialmente em Divina Pastora, bem como infraestrutura urbana, saneamento b\u00e1sico e controle da polui\u00e7\u00e3o, com a\u00e7\u00f5es voltadas a implanta\u00e7\u00e3o de sistemas de esgotamento sanit\u00e1rio em munic\u00edpios da bacia e de sistema de drenagem urbana em Itabaiana.<\/p>\n<p style=\"text-align: justify;\"><em><strong>Ag\u00eancia Sergipe de Not\u00edcias<\/strong><\/em><\/p>\n","protected":false},"excerpt":{"rendered":"<p>&nbsp; Sergipe conquista uma grande vit\u00f3ria para o futuro de uma das suas mais importantes riquezas naturais: os recursos h\u00eddricos da Bacia do Rio Sergipe. Nesta sexta-feira, 27, o Di\u00e1rio Oficial da Uni\u00e3o trouxe a autoriza\u00e7\u00e3o do ministro da Fazenda, Guido Mantega, para a contrata\u00e7\u00e3o de mais de US$ 70 milh\u00f5es junto ao Banco Mundial [&hellip;]<\/p>\n","protected":false},"author":3,"featured_media":38891,"comment_status":"closed","ping_status":"closed","sticky":false,"template":"","format":"standard","meta":{"footnotes":""},"categories":[6],"tags":[],"class_list":{"0":"post-38890","1":"post","2":"type-post","3":"status-publish","4":"format-standard","5":"has-post-thumbnail","7":"category-politica"},"_links":{"self":[{"href":"https:\/\/senoticias.com.br\/se\/wp-json\/wp\/v2\/posts\/38890"}],"collection":[{"href":"https:\/\/senoticias.com.br\/se\/wp-json\/wp\/v2\/posts"}],"about":[{"href":"https:\/\/senoticias.com.br\/se\/wp-json\/wp\/v2\/types\/post"}],"author":[{"embeddable":true,"href":"https:\/\/senoticias.com.br\/se\/wp-json\/wp\/v2\/users\/3"}],"replies":[{"embeddable":true,"href":"https:\/\/senoticias.com.br\/se\/wp-json\/wp\/v2\/comments?post=38890"}],"version-history":[{"count":0,"href":"https:\/\/senoticias.com.br\/se\/wp-json\/wp\/v2\/posts\/38890\/revisions"}],"wp:featuredmedia":[{"embeddable":true,"href":"https:\/\/senoticias.com.br\/se\/wp-json\/wp\/v2\/media\/38891"}],"wp:attachment":[{"href":"https:\/\/senoticias.com.br\/se\/wp-json\/wp\/v2\/media?parent=38890"}],"wp:term":[{"taxonomy":"category","embeddable":true,"href":"https:\/\/senoticias.com.br\/se\/wp-json\/wp\/v2\/categories?post=38890"},{"taxonomy":"post_tag","embeddable":true,"href":"https:\/\/senoticias.com.br\/se\/wp-json\/wp\/v2\/tags?post=38890"}],"curies":[{"name":"wp","href":"https:\/\/api.w.org\/{rel}","templated":true}]}}