{"id":38741,"date":"2012-08-20T18:31:09","date_gmt":"2012-08-20T21:31:09","guid":{"rendered":"http:\/\/senoticias.com.br\/se\/?p=38741"},"modified":"2012-08-20T18:31:09","modified_gmt":"2012-08-20T21:31:09","slug":"instituto-de-analises-e-pesquisas-forenses-sera-entregue-em-sao-cristovao","status":"publish","type":"post","link":"https:\/\/senoticias.com.br\/se\/instituto-de-analises-e-pesquisas-forenses-sera-entregue-em-sao-cristovao\/","title":{"rendered":"Instituto de An\u00e1lises e Pesquisas Forenses ser\u00e1 entregue em S\u00e3o Crist\u00f3v\u00e3o"},"content":{"rendered":"<p style=\"text-align: justify;\"><a href=\"http:\/\/senoticias.com.br\/se\/wp-content\/uploads\/2012\/08\/Forense.jpg\"><img loading=\"lazy\" decoding=\"async\" class=\"alignleft size-full wp-image-38742\" title=\"Forense\" src=\"http:\/\/senoticias.com.br\/se\/wp-content\/uploads\/2012\/08\/Forense.jpg\" alt=\"\" width=\"220\" height=\"147\" \/><\/a>A edifica\u00e7\u00e3o, que est\u00e1 sendo erguida em um terreno localizado na Universidade Federal de Sergipe (UFS), em S\u00e3o Crist\u00f3v\u00e3o, \u00e9 fruto de um acordo de coopera\u00e7\u00e3o t\u00e9cnica envolvendo a SSP, Secretaria de Desenvolvimento Econ\u00f4mico, Ci\u00eancia e Tecnologia (Sedetec), Sergipe Parque Tecnol\u00f3gico (Sergipetec) e UFS.<\/p>\n<p style=\"text-align: justify;\">O Instituto de An\u00e1lise e Per\u00edcia Forense (IAPF) compreender\u00e1 oito laborat\u00f3rios de per\u00edcia forense: Toxicologia forense, Gen\u00e9tica forense (DNA), Qu\u00edmica Legal, Entomologia Forense, Inform\u00e1tica Forense, Fon\u00e9tica Forense, Biologia Forense e Antropologia Forense. O novo pr\u00e9dio \u00e9 formado por dois pavimentos com um total de 900 metros quadrados. \u201cA disponibiliza\u00e7\u00e3o desse novo espa\u00e7o est\u00e1 possibilitando a capta\u00e7\u00e3o de recursos oriundos do Minist\u00e9rio da Justi\u00e7a, atrav\u00e9s da Senasp, cuja destina\u00e7\u00e3o est\u00e1 sendo empregada na aquisi\u00e7\u00e3o de equipamentos utilizados no funcionamento dos laborat\u00f3rios\u201d, explicou Jo\u00e3o Batista.<\/p>\n<p style=\"text-align: justify;\">Com a implanta\u00e7\u00e3o do IAPF ser\u00e1 poss\u00edvel a realiza\u00e7\u00e3o em Sergipe de exames nos campos comuns \u00e0 Criminal\u00edstica e \u00e0 Medicina Legal, fornecendo a prova material e cient\u00edfica atrav\u00e9s de laudos periciais e produ\u00e7\u00e3o de conhecimento t\u00e9cnico e cient\u00edfico na \u00e1rea forense. \u201cAlguns equipamentos j\u00e1 est\u00e3o chegando para que ap\u00f3s a entrega do pr\u00e9dio, que acontecer\u00e1 no m\u00eas de novembro deste ano, possamos iniciar a montagem e d\u00e1 in\u00edcio a uma nova era na \u00e1rea forense de Sergipe\u201d, explicou a diretora do IAPF, Maria Auxiliadora.<\/p>\n<p style=\"text-align: justify;\">Dentre os modernos equipamentos, j\u00e1 se encontra em Aracaju o Cromat\u00f3grafo, utilizado para exames toxicol\u00f3gicos, adquirido pela Senasp com investimento de R$ 308 mil. Ainda este ano a SSP receber\u00e1 um Microsc\u00f3pio eletr\u00f4nico de varredura para an\u00e1lise, uma luz forense utilizada para levantamento de vest\u00edgios biol\u00f3gicos em local de crime entre outros produtos tecnol\u00f3gicos. \u201cA ideia \u00e9 que at\u00e9 o pr\u00f3ximo ano estejamos com os laborat\u00f3rios montados e em funcionamento\u201d, pontuou o diretor da Coordenadoria Geral de Per\u00edcias da SSP, Adelino Lisboa.<\/p>\n<p style=\"text-align: justify;\">Ainda segundo Adelino, essa nova realidade s\u00f3 ser\u00e1 poss\u00edvel gra\u00e7as a nova pol\u00edtica adotada pelo Governo Federal que vem investindo na compra de equipamentos para a moderniza\u00e7\u00e3o dos institutos forenses de Estados que possuem espa\u00e7os f\u00edsicos modernos e adequados para as pr\u00e1ticas. \u201cO Governo Federal tem investido fortemente na materializa\u00e7\u00e3o das provas, fornecendo equipamentos para os Estados que disp\u00f5em de espa\u00e7os f\u00edsicos prop\u00edcios e profissionais habilitados para o desenvolvimento das t\u00e9cnicas forenses. Sergipe j\u00e1 faz parte dessa realidade e desde 2011 que estamos recebendo equipamentos. Pr\u00f3ximo ano chegar\u00e3o mais equipamentos que sofisticar\u00e3o ainda mais o nosso instituto\u201d, finalizou Adelino.<\/p>\n<p style=\"text-align: justify;\">Participaram tamb\u00e9m da visita \u00e0s obras do novo pr\u00e9dio o representante da Sedetec Jos\u00e9 Haroldo Sampaio Barros, que na oportunidade representou o secret\u00e1rio Saum\u00ednio Nascimento, o diretor-presidente do Sergipe Parque Tecnol\u00f3gico, Marcos Wandir, e a diretora da assessoria de planejamento da SSP, Alessandra Fabiana.<\/p>\n<p style=\"text-align: justify;\"><em><strong>Ag\u00eancia Sergipe de Not\u00edcias<\/strong><\/em><\/p>\n","protected":false},"excerpt":{"rendered":"<p>A edifica\u00e7\u00e3o, que est\u00e1 sendo erguida em um terreno localizado na Universidade Federal de Sergipe (UFS), em S\u00e3o Crist\u00f3v\u00e3o, \u00e9 fruto de um acordo de coopera\u00e7\u00e3o t\u00e9cnica envolvendo a SSP, Secretaria de Desenvolvimento Econ\u00f4mico, Ci\u00eancia e Tecnologia (Sedetec), Sergipe Parque Tecnol\u00f3gico (Sergipetec) e UFS. O Instituto de An\u00e1lise e Per\u00edcia Forense (IAPF) compreender\u00e1 oito laborat\u00f3rios [&hellip;]<\/p>\n","protected":false},"author":3,"featured_media":38742,"comment_status":"closed","ping_status":"closed","sticky":false,"template":"","format":"standard","meta":{"footnotes":""},"categories":[38],"tags":[],"class_list":{"0":"post-38741","1":"post","2":"type-post","3":"status-publish","4":"format-standard","5":"has-post-thumbnail","7":"category-municipios"},"_links":{"self":[{"href":"https:\/\/senoticias.com.br\/se\/wp-json\/wp\/v2\/posts\/38741"}],"collection":[{"href":"https:\/\/senoticias.com.br\/se\/wp-json\/wp\/v2\/posts"}],"about":[{"href":"https:\/\/senoticias.com.br\/se\/wp-json\/wp\/v2\/types\/post"}],"author":[{"embeddable":true,"href":"https:\/\/senoticias.com.br\/se\/wp-json\/wp\/v2\/users\/3"}],"replies":[{"embeddable":true,"href":"https:\/\/senoticias.com.br\/se\/wp-json\/wp\/v2\/comments?post=38741"}],"version-history":[{"count":0,"href":"https:\/\/senoticias.com.br\/se\/wp-json\/wp\/v2\/posts\/38741\/revisions"}],"wp:featuredmedia":[{"embeddable":true,"href":"https:\/\/senoticias.com.br\/se\/wp-json\/wp\/v2\/media\/38742"}],"wp:attachment":[{"href":"https:\/\/senoticias.com.br\/se\/wp-json\/wp\/v2\/media?parent=38741"}],"wp:term":[{"taxonomy":"category","embeddable":true,"href":"https:\/\/senoticias.com.br\/se\/wp-json\/wp\/v2\/categories?post=38741"},{"taxonomy":"post_tag","embeddable":true,"href":"https:\/\/senoticias.com.br\/se\/wp-json\/wp\/v2\/tags?post=38741"}],"curies":[{"name":"wp","href":"https:\/\/api.w.org\/{rel}","templated":true}]}}