{"id":38734,"date":"2012-08-20T11:27:52","date_gmt":"2012-08-20T14:27:52","guid":{"rendered":"http:\/\/senoticias.com.br\/se\/?p=38734"},"modified":"2012-08-20T11:27:52","modified_gmt":"2012-08-20T14:27:52","slug":"shopping-realiza-semana-premio-de-folclore","status":"publish","type":"post","link":"https:\/\/senoticias.com.br\/se\/shopping-realiza-semana-premio-de-folclore\/","title":{"rendered":"Shopping realiza Semana Pr\u00eamio de Folclore"},"content":{"rendered":"<p>&nbsp;<\/p>\n<p style=\"text-align: justify;\"><a href=\"http:\/\/senoticias.com.br\/se\/wp-content\/uploads\/2012\/08\/Shopping.jpg\"><img loading=\"lazy\" decoding=\"async\" class=\"alignleft size-full wp-image-38581\" title=\"Shopping\" src=\"http:\/\/senoticias.com.br\/se\/wp-content\/uploads\/2012\/08\/Shopping.jpg\" alt=\"\" width=\"209\" height=\"166\" \/><\/a>De 20 a 26 de agosto, o Shopping Pr\u00eamio, localizado em Nossa Senhora do Socorro, ser\u00e1 mais uma vez dominado por muita cultura e anima\u00e7\u00e3o. Em parceria com o Sated (Sindicato dos Artistas e T\u00e9cnicos em Espet\u00e1culos de Divers\u00e3o de Sergipe), acontecer\u00e1 no centro de compras a Semana Pr\u00eamio de Folclore.<\/p>\n<p style=\"text-align: justify;\">O principal objetivo do projeto \u00e9 resgatar os movimentos culturais mais representativos do folclore sergipano e apresent\u00e1-los ao seu p\u00fablico, transformando o momento de compras em um incr\u00edvel lazer cultural. Al\u00e9m disso, visando celebrar a cultura popular tamb\u00e9m acontecer\u00e1 nas diversas homenagens, em forma de trof\u00e9us, aos grupos convidados a participar desta semana festiva.<\/p>\n<p style=\"text-align: justify;\">Ainda durante a Semana Pr\u00eamio de Folclore, acontecer\u00e1 o Circuito de Cordel, realizado em parceria com a ASCORESE (Associa\u00e7\u00e3o dos Cordelistas e Repentistas de Sergipe). A a\u00e7\u00e3o dar\u00e1 a oportunidade ao p\u00fablico sergipano conhecer pessoalmente grandes nomes da literatura de cordel do nosso estado. Com tr\u00eas cordelistas por dia, cada um ter\u00e1 um espa\u00e7o para vender suas obras, autografar e bater papo com o p\u00fablico. Os artistas tamb\u00e9m animar\u00e3o os corredores do Shopping com as suas habilidades para rimas e improvisa\u00e7\u00e3o.<\/p>\n<p style=\"text-align: justify;\">Para Ivo Adnil, presidente do Sated, estabelecer parceria com o Shopping Pr\u00eamio \u00e9 enaltecer o melhor em Sergipe. \u201cTrabalhar em conjunto com o Pr\u00eamio \u00e9 ressaltar a proposta que n\u00f3s defendemos, ou seja, a valoriza\u00e7\u00e3o do artista e a populariza\u00e7\u00e3o da cultura sergipana\u201d, declarou Ivo. A parceria entre Shopping Pr\u00eamio e Sated tem resultado bons frutos. A prova disso \u00e9 que este n\u00e3o j\u00e1 \u00e9 o terceiro projeto a ser realizado, estreitando cada vez mais os la\u00e7os entre a popula\u00e7\u00e3o e os artistas locais.<\/p>\n<p><strong>Programa\u00e7\u00e3o<\/strong><br \/>\nBatucada Buscap\u00e9 (Est\u00e2ncia)<br \/>\n<strong>Data: 20 de Agosto, \u00e0s 19h<\/strong><br \/>\nSamba de Coco da Barra (Barra dos Coqueiros)<br \/>\n<strong>Data: 22 de Agosto, \u00e0s 19h<\/strong><br \/>\nReisado Bom Jesus dos Navegantes (Laranjeiras)<br \/>\n<strong>Data: 24 de Agosto, \u00e0s 19h<\/strong><br \/>\nTaieiras (Laranjeiras)<br \/>\n<strong>Data: 26 de Agosto, \u00e0s 18h<\/strong><br \/>\nCircuito de Cordel e Interven\u00e7\u00f5es Culturais<br \/>\n<strong>Dias 21, 23 e 25 de Agosto<\/strong><br \/>\nCordelistas<br \/>\nNilza Nascimento, Pedro Amaro e Ronaldo D\u00f3ria<br \/>\n<strong>Data: 21 de Agosto, das 18h \u00e0s 20h<\/strong><br \/>\nRepentistas<br \/>\nLeonardo Repentista e Dami\u00e3o<br \/>\n<strong>Data: 21 de Agosto, das 18h30 \u00e0s 20h<\/strong><br \/>\nCordelistas<br \/>\nZ\u00e9 Ant\u00f4nio, Gigi Poetisa e Zez\u00e9 de Boquim<br \/>\n<strong>Data: 23 de Agosto, das 18h \u00e0s 20h<\/strong><br \/>\nRepentistas<br \/>\nAbelaidio de Souza e Carlito do Pandeiro<br \/>\n<strong>Data: 23 de Agosto, das 18h30 \u00e0s 20h<\/strong><br \/>\nCordelistas<br \/>\n<strong>Data: 25 de Agosto, das 18h \u00e0s 20h<\/strong><br \/>\nBatalh\u00e3o Curupira<br \/>\n<strong>Data: 25 de Agosto, \u00e1s 18h30<\/strong><\/p>\n","protected":false},"excerpt":{"rendered":"<p>&nbsp; De 20 a 26 de agosto, o Shopping Pr\u00eamio, localizado em Nossa Senhora do Socorro, ser\u00e1 mais uma vez dominado por muita cultura e anima\u00e7\u00e3o. Em parceria com o Sated (Sindicato dos Artistas e T\u00e9cnicos em Espet\u00e1culos de Divers\u00e3o de Sergipe), acontecer\u00e1 no centro de compras a Semana Pr\u00eamio de Folclore. O principal objetivo [&hellip;]<\/p>\n","protected":false},"author":3,"featured_media":38581,"comment_status":"closed","ping_status":"closed","sticky":false,"template":"","format":"standard","meta":{"footnotes":""},"categories":[38],"tags":[],"class_list":{"0":"post-38734","1":"post","2":"type-post","3":"status-publish","4":"format-standard","5":"has-post-thumbnail","7":"category-municipios"},"_links":{"self":[{"href":"https:\/\/senoticias.com.br\/se\/wp-json\/wp\/v2\/posts\/38734"}],"collection":[{"href":"https:\/\/senoticias.com.br\/se\/wp-json\/wp\/v2\/posts"}],"about":[{"href":"https:\/\/senoticias.com.br\/se\/wp-json\/wp\/v2\/types\/post"}],"author":[{"embeddable":true,"href":"https:\/\/senoticias.com.br\/se\/wp-json\/wp\/v2\/users\/3"}],"replies":[{"embeddable":true,"href":"https:\/\/senoticias.com.br\/se\/wp-json\/wp\/v2\/comments?post=38734"}],"version-history":[{"count":0,"href":"https:\/\/senoticias.com.br\/se\/wp-json\/wp\/v2\/posts\/38734\/revisions"}],"wp:featuredmedia":[{"embeddable":true,"href":"https:\/\/senoticias.com.br\/se\/wp-json\/wp\/v2\/media\/38581"}],"wp:attachment":[{"href":"https:\/\/senoticias.com.br\/se\/wp-json\/wp\/v2\/media?parent=38734"}],"wp:term":[{"taxonomy":"category","embeddable":true,"href":"https:\/\/senoticias.com.br\/se\/wp-json\/wp\/v2\/categories?post=38734"},{"taxonomy":"post_tag","embeddable":true,"href":"https:\/\/senoticias.com.br\/se\/wp-json\/wp\/v2\/tags?post=38734"}],"curies":[{"name":"wp","href":"https:\/\/api.w.org\/{rel}","templated":true}]}}