{"id":38731,"date":"2012-08-20T11:09:44","date_gmt":"2012-08-20T14:09:44","guid":{"rendered":"http:\/\/senoticias.com.br\/se\/?p=38731"},"modified":"2012-08-20T11:11:56","modified_gmt":"2012-08-20T14:11:56","slug":"ifs-divulga-resultado-final-do-processo-seletivo-2012-2","status":"publish","type":"post","link":"https:\/\/senoticias.com.br\/se\/ifs-divulga-resultado-final-do-processo-seletivo-2012-2\/","title":{"rendered":"IFS divulga resultado final do Processo Seletivo 2012-2"},"content":{"rendered":"<p style=\"text-align: justify;\"><a href=\"http:\/\/senoticias.com.br\/se\/wp-content\/uploads\/2011\/09\/20110817_ifs.jpg\"><img loading=\"lazy\" decoding=\"async\" class=\"alignleft size-medium wp-image-12936\" title=\"20110817_ifs\" src=\"http:\/\/senoticias.com.br\/se\/wp-content\/uploads\/2011\/09\/20110817_ifs-300x169.jpg\" alt=\"\" width=\"300\" height=\"169\" srcset=\"https:\/\/senoticias.com.br\/se\/wp-content\/uploads\/2011\/09\/20110817_ifs-300x169.jpg 300w, https:\/\/senoticias.com.br\/se\/wp-content\/uploads\/2011\/09\/20110817_ifs-342x193.jpg 342w, https:\/\/senoticias.com.br\/se\/wp-content\/uploads\/2011\/09\/20110817_ifs.jpg 557w\" sizes=\"(max-width: 300px) 100vw, 300px\" \/><\/a>O Instituto Federal de Sergipe (IFS), atrav\u00e9s da Pr\u00f3-Reitoria de Ensino (Proen) e do Departamento de Assuntos Acad\u00eamicos (DAA), divulga o resultado final do Processo Seletivo 2012-2 para cursos t\u00e9cnicos de n\u00edvel m\u00e9dio subsequentes. Foram ofertadas 705 vagas, distribu\u00eddas nos campi Aracaju, Lagarto, S\u00e3o Crist\u00f3v\u00e3o e Itabaiana.<\/p>\n<p style=\"text-align: justify;\">As matr\u00edculas dos alunos aprovados ser\u00e3o realizadas nos dias 21 e 22 de agosto. Para efetuar a matr\u00edcula, os aprovados dever\u00e3o comparecer ao setor de registro escolar do seu respectivo campus, das 8h \u00e0s 11h, 14h \u00e0s 17h e 18h \u00e0s 21h, nos campi Aracaju e Lagarto, e das 8h \u00e0s 11h e 14h \u00e0s 17h, nos campi Itabaiana e S\u00e3o Crist\u00f3v\u00e3o, munidos da documenta\u00e7\u00e3o exigida no edital.<br \/>\nConfira <span style=\"color: #0000ff;\"><strong><a href=\" http:\/\/www.ifs.edu.br\/ \" target=\"_blank\">aqui<\/a><\/strong><\/span> as listas dos aprovados em <span style=\"color: #0000ff;\"><strong>www.ifs.edu.br \u00a0<\/strong><\/span><\/p>\n<p style=\"text-align: justify;\">\n","protected":false},"excerpt":{"rendered":"<p>O Instituto Federal de Sergipe (IFS), atrav\u00e9s da Pr\u00f3-Reitoria de Ensino (Proen) e do Departamento de Assuntos Acad\u00eamicos (DAA), divulga o resultado final do Processo Seletivo 2012-2 para cursos t\u00e9cnicos de n\u00edvel m\u00e9dio subsequentes. Foram ofertadas 705 vagas, distribu\u00eddas nos campi Aracaju, Lagarto, S\u00e3o Crist\u00f3v\u00e3o e Itabaiana. As matr\u00edculas dos alunos aprovados ser\u00e3o realizadas nos [&hellip;]<\/p>\n","protected":false},"author":3,"featured_media":12936,"comment_status":"closed","ping_status":"closed","sticky":false,"template":"","format":"standard","meta":{"footnotes":""},"categories":[44,26],"tags":[],"class_list":{"0":"post-38731","1":"post","2":"type-post","3":"status-publish","4":"format-standard","5":"has-post-thumbnail","7":"category-educacao","8":"category-esportes"},"_links":{"self":[{"href":"https:\/\/senoticias.com.br\/se\/wp-json\/wp\/v2\/posts\/38731"}],"collection":[{"href":"https:\/\/senoticias.com.br\/se\/wp-json\/wp\/v2\/posts"}],"about":[{"href":"https:\/\/senoticias.com.br\/se\/wp-json\/wp\/v2\/types\/post"}],"author":[{"embeddable":true,"href":"https:\/\/senoticias.com.br\/se\/wp-json\/wp\/v2\/users\/3"}],"replies":[{"embeddable":true,"href":"https:\/\/senoticias.com.br\/se\/wp-json\/wp\/v2\/comments?post=38731"}],"version-history":[{"count":0,"href":"https:\/\/senoticias.com.br\/se\/wp-json\/wp\/v2\/posts\/38731\/revisions"}],"wp:featuredmedia":[{"embeddable":true,"href":"https:\/\/senoticias.com.br\/se\/wp-json\/wp\/v2\/media\/12936"}],"wp:attachment":[{"href":"https:\/\/senoticias.com.br\/se\/wp-json\/wp\/v2\/media?parent=38731"}],"wp:term":[{"taxonomy":"category","embeddable":true,"href":"https:\/\/senoticias.com.br\/se\/wp-json\/wp\/v2\/categories?post=38731"},{"taxonomy":"post_tag","embeddable":true,"href":"https:\/\/senoticias.com.br\/se\/wp-json\/wp\/v2\/tags?post=38731"}],"curies":[{"name":"wp","href":"https:\/\/api.w.org\/{rel}","templated":true}]}}